{"id":1025,"date":"2021-02-11T13:45:41","date_gmt":"2021-02-11T12:45:41","guid":{"rendered":"https:\/\/projekte.uni-erfurt.de\/ddr-kino\/?p=1025"},"modified":"2021-09-09T11:01:43","modified_gmt":"2021-09-09T09:01:43","slug":"liebesfilme-der-defa-zwischen-sommersprossen-und-sozialismus","status":"publish","type":"post","link":"https:\/\/projekte.uni-erfurt.de\/ddr-kino\/liebesfilme-der-defa-zwischen-sommersprossen-und-sozialismus\/","title":{"rendered":"Liebesfilme der DEFA: Zwischen Sommersprossen und Sozialismus"},"content":{"rendered":"<div class=\"fusion-fullwidth fullwidth-box fusion-builder-row-1 nonhundred-percent-fullwidth non-hundred-percent-height-scrolling\" style=\"background-color: rgba(255,255,255,0);background-position: center center;background-repeat: no-repeat;padding-top:0px;padding-right:0px;padding-bottom:0px;padding-left:0px;margin-bottom: 0px;margin-top: 0px;border-width: 0px 0px 0px 0px;border-color:#eae9e9;border-style:solid;\" ><div class=\"fusion-builder-row fusion-row\"><div class=\"fusion-layout-column fusion_builder_column fusion-builder-column-0 fusion_builder_column_1_1 1_1 fusion-one-full fusion-column-first fusion-column-last\" style=\"margin-top:0px;margin-bottom:20px;\"><div class=\"fusion-column-wrapper fusion-flex-column-wrapper-legacy\" style=\"background-position:left top;background-repeat:no-repeat;-webkit-background-size:cover;-moz-background-size:cover;-o-background-size:cover;background-size:cover;padding: 0px 0px 0px 0px;\"><div class=\"fusion-text fusion-text-1\"><p><em><span style=\"font-size: 18px;\" data-fusion-font=\"true\">Von Kathleen Kr\u00f6ger und Sabrina Hassloch<\/span><\/em><\/p>\n<p><em>Der klassische Liebesfilm ist in der langen Reihe bekannter DEFA-Produktionen nicht leicht zu finden. Themen wie Gesellschaft, Arbeit und Politik pr\u00e4gten in der DDR auch das romantische Filmgenre. Anl\u00e4sslich des Valentinstags am 14. Februar blicken wir auf drei au\u00dfergew\u00f6hnliche und mitunter auch kontrovers diskutierte Kinoromanzen zur\u00fcck.<br \/>\n<\/em><\/p>\n<p><b><span style=\"font-size: 23px; color: #444444;\" data-fusion-font=\"true\">1. Die Legende von Paul und Paula (1973)<\/span><\/b><em><br \/>\n<\/em><\/p>\n<\/p>\n<div id=\"attachment_1038\" style=\"width: 314px\" class=\"wp-caption alignleft\"><img fetchpriority=\"high\" decoding=\"async\" aria-describedby=\"caption-attachment-1038\" class=\" wp-image-1038\" src=\"https:\/\/projekte.uni-erfurt.de\/ddr-kino\/wp-content\/uploads\/2021\/02\/Filmplakat_Paul_und_Paula.jpg\" alt=\"\" width=\"304\" height=\"431\" srcset=\"https:\/\/projekte.uni-erfurt.de\/ddr-kino\/wp-content\/uploads\/2021\/02\/Filmplakat_Paul_und_Paula-8x12.jpg 8w, https:\/\/projekte.uni-erfurt.de\/ddr-kino\/wp-content\/uploads\/2021\/02\/Filmplakat_Paul_und_Paula-200x283.jpg 200w, https:\/\/projekte.uni-erfurt.de\/ddr-kino\/wp-content\/uploads\/2021\/02\/Filmplakat_Paul_und_Paula-212x300.jpg 212w, https:\/\/projekte.uni-erfurt.de\/ddr-kino\/wp-content\/uploads\/2021\/02\/Filmplakat_Paul_und_Paula.jpg 250w\" sizes=\"(max-width: 304px) 100vw, 304px\" \/><p id=\"caption-attachment-1038\" class=\"wp-caption-text\">Das Werbeplakat aus dem Jahr 1973 spiegelt die bunte Hippie-\u00c4sthetik des Szenenbilds wider. \u00a9DEFA-Stiftung<\/p><\/div>\n<p>Mit \u201cDie Legende von Paul und Paula\u201d aus dem Jahr 1973 haben Regisseur Heiner Carow und Drehbuchautor Ulrich Plenzdorf eine faszinierende Liebesgeschichte voller unbeschwerter Liebesszenen geschaffen. F\u00fcr viele Filmfans ist er bis heute einer der bekanntesten und ber\u00fchendsten Liebesfilme der DEFA.<\/p>\n<p><strong style=\"font-size: 17px; line-height: 10px;\" data-fusion-font=\"true\">Sehns\u00fcchte, Tr\u00e4ume und die harte Realit\u00e4t des Sozialismus<\/strong><\/p>\n<p>Paul und Paula k\u00f6nnten unterschiedlicher nicht sein &#8211; er arbeitet als Funktion\u00e4r f\u00fcr den Staat, sie arbeitet an der Kasse einer Kaufhalle. Als sie sich zum ersten Mal bewusst auf einer Party in Ost-Berlin begegnen, sind sie beide unzufrieden mit ihrem Leben. Paul (Winfried Glatzeder) ist ungl\u00fccklich verheiratet und wird von seiner Frau betrogen; und Paula (Angelica Domr\u00f6se) lebt alleine mit zwei Kindern und tr\u00e4umt von der gro\u00dfen Liebe. Sie beginnen eine leidenschaftliche Aff\u00e4re, die die reale Welt mit all ihren Schwierigkeiten verschwinden l\u00e4sst. W\u00e4hrend Paula sich direkt dem unbeschwerten Verliebtsein hingibt, bleibt Paul aus Angst vor den m\u00f6glichen Folgen vorerst distanziert. Nachdem die beiden von schweren Schicksalsschl\u00e4gen getroffen werden, gesteht Paul sich schlie\u00dflich doch seine Gef\u00fchle f\u00fcr Paula ein und die beiden werden ein Paar. Doch auch die Liebe vermag das Gl\u00fcck der beiden nicht zu retten. [1]\n<\/p>\n<div id=\"attachment_1036\" style=\"width: 424px\" class=\"wp-caption alignright\"><img decoding=\"async\" aria-describedby=\"caption-attachment-1036\" class=\" wp-image-1036\" src=\"https:\/\/projekte.uni-erfurt.de\/ddr-kino\/wp-content\/uploads\/2021\/02\/Aushangfoto_Paul_und_Paula.jpg\" alt=\"\" width=\"414\" height=\"298\" srcset=\"https:\/\/projekte.uni-erfurt.de\/ddr-kino\/wp-content\/uploads\/2021\/02\/Aushangfoto_Paul_und_Paula-16x12.jpg 16w, https:\/\/projekte.uni-erfurt.de\/ddr-kino\/wp-content\/uploads\/2021\/02\/Aushangfoto_Paul_und_Paula-200x144.jpg 200w, https:\/\/projekte.uni-erfurt.de\/ddr-kino\/wp-content\/uploads\/2021\/02\/Aushangfoto_Paul_und_Paula-300x216.jpg 300w, https:\/\/projekte.uni-erfurt.de\/ddr-kino\/wp-content\/uploads\/2021\/02\/Aushangfoto_Paul_und_Paula.jpg 400w\" sizes=\"(max-width: 414px) 100vw, 414px\" \/><p id=\"caption-attachment-1036\" class=\"wp-caption-text\">Ein Ausschnitt aus einer der vielen Traumszenen des Films: Paul (Winfried Glatzeder) und Paula (Angelica Domr\u00f6se) in einem Bett aus Blumen. \u00a9DEFA-Stiftung<\/p><\/div>\n<p><strong>Realit\u00e4tsnahe Gesellschaftskritik<\/strong><\/p>\n<p>Was auf den ersten Blick wie eine harmlose Liebesgeschichte erscheint, ist in Wirklichkeit eine kreativ ge\u00fcbte Kulturkritik an den gesellschaftlichen Konventionen und dem Leben in der DDR. Au\u00dferdem scheuten die Filmemacher mit der Darstellung der maroden Bauten und allt\u00e4glichen Versorgungsprobleme keine M\u00fchen, die Missst\u00e4nde im DDR-Alltag offen zu thematisieren. Kaum \u00fcberraschend ist es daher, dass damals heftig \u00fcber ein Verbot des Films diskutiert wurde. [2]<\/p>\n<p>Der Film \u201cDie Legende von Paul und Paula\u201d kann derzeit kostenlos in der MDR Mediathek \u00fcber den folgenden Link angesehen: <a href=\"https:\/\/www.mdr.de\/video\/mdr-videos\/filme\/video-die-legende-von-paul-und-paula100.html\">https:\/\/www.mdr.de\/video\/mdr-videos\/filme\/video-die-legende-von-paul-und-paula100.html<\/a><u><\/u><\/p>\n<p><strong style=\"font-size: 23px;\" data-fusion-font=\"true\">2. Hei\u00dfer Sommer (1968)<\/strong><\/p>\n<\/p>\n<div id=\"attachment_1037\" style=\"width: 456px\" class=\"wp-caption alignleft\"><img decoding=\"async\" aria-describedby=\"caption-attachment-1037\" class=\"size-full wp-image-1037\" src=\"https:\/\/projekte.uni-erfurt.de\/ddr-kino\/wp-content\/uploads\/2021\/02\/Filmplakat_Heisse_Sommer.jpg\" alt=\"\" width=\"446\" height=\"310\" srcset=\"https:\/\/projekte.uni-erfurt.de\/ddr-kino\/wp-content\/uploads\/2021\/02\/Filmplakat_Heisse_Sommer-16x12.jpg 16w, https:\/\/projekte.uni-erfurt.de\/ddr-kino\/wp-content\/uploads\/2021\/02\/Filmplakat_Heisse_Sommer-200x139.jpg 200w, https:\/\/projekte.uni-erfurt.de\/ddr-kino\/wp-content\/uploads\/2021\/02\/Filmplakat_Heisse_Sommer-300x209.jpg 300w, https:\/\/projekte.uni-erfurt.de\/ddr-kino\/wp-content\/uploads\/2021\/02\/Filmplakat_Heisse_Sommer-400x278.jpg 400w, https:\/\/projekte.uni-erfurt.de\/ddr-kino\/wp-content\/uploads\/2021\/02\/Filmplakat_Heisse_Sommer.jpg 446w\" sizes=\"(max-width: 446px) 100vw, 446px\" \/><p id=\"caption-attachment-1037\" class=\"wp-caption-text\">Filmplakate von &#8220;Hei\u00dfer Sommer&#8221; aus dem Jahr 1968 &#8211; links: traditionell handgezeichnet, rechts: fotografisch. \u00a9DEFA-Stiftung<\/p><\/div>\n<p>Auch der Musikfilm \u201cHei\u00dfer Sommer\u201d hat sich in die Herzen seines Publikums gespielt. Die mittlerweile als kultgeltende Produktion aus den Babelsberger Studios erzielte eine der gr\u00f6\u00dften Zuschauerzahlen f\u00fcr die DEFA und gilt somit als einer der erfolgreichsten in der DDR gedrehten Filme. Musikalisch untermalt ist die heitere Sommergeschichte mit vielen Schlagerliedern aus der Feder von Gerd und Thomas Natschinski.<\/p>\n<\/p>\n<div id=\"attachment_1034\" style=\"width: 260px\" class=\"wp-caption alignright\"><img loading=\"lazy\" decoding=\"async\" aria-describedby=\"caption-attachment-1034\" class=\" wp-image-1034\" src=\"https:\/\/projekte.uni-erfurt.de\/ddr-kino\/wp-content\/uploads\/2021\/02\/Aushangfoto_2_Heisse_Sommer.jpg\" alt=\"\" width=\"250\" height=\"310\" srcset=\"https:\/\/projekte.uni-erfurt.de\/ddr-kino\/wp-content\/uploads\/2021\/02\/Aushangfoto_2_Heisse_Sommer-10x12.jpg 10w, https:\/\/projekte.uni-erfurt.de\/ddr-kino\/wp-content\/uploads\/2021\/02\/Aushangfoto_2_Heisse_Sommer-200x247.jpg 200w, https:\/\/projekte.uni-erfurt.de\/ddr-kino\/wp-content\/uploads\/2021\/02\/Aushangfoto_2_Heisse_Sommer-243x300.jpg 243w, https:\/\/projekte.uni-erfurt.de\/ddr-kino\/wp-content\/uploads\/2021\/02\/Aushangfoto_2_Heisse_Sommer-400x495.jpg 400w, https:\/\/projekte.uni-erfurt.de\/ddr-kino\/wp-content\/uploads\/2021\/02\/Aushangfoto_2_Heisse_Sommer.jpg 414w\" sizes=\"(max-width: 250px) 100vw, 250px\" \/><p id=\"caption-attachment-1034\" class=\"wp-caption-text\">Kai (Frank Sch\u00f6bel) und Brit (Regine Albrecht) tanzen zusammen und singen &#8220;Fang doch den Strahl&#8221;. \u00a9DEFA-Stiftung<\/p><\/div>\n<p><strong>Sommerferien an der Ostsee<\/strong><\/p>\n<p>Auf dem Weg in die Sommerferien treffen elf Obersch\u00fclerinnen aus Leipzig immer wieder auf zehn Jungen aus Karl-Marx-Stadt. Zuf\u00e4lligerweise landen schlie\u00dflich alle im selben D\u00f6rfchen an der Ostsee, was f\u00fcr Aufregung sorgt. Zuerst necken sich die Gruppen gegenseitig mit frechen Streichen, doch die ersten Liebeleien lassen nicht lange auf sich warten und die Jungen und M\u00e4dchen kommen sich n\u00e4her. Gef\u00fcllt von spannenden Dreiecksbeziehungen, Eifersucht und unbeschwerter Jugendliebe, inmitten der wunderbar sommerlichen Kulisse der Ostsee, erschuf die \u201cGruppe Johannistal\u201d ein Sommerabenteuer, das heute vor allem mit dem Gesangsduo Frank Sch\u00f6bel (als Kai) und Chris Doerk (als Stupsi) verbunden wird. [3]<\/p>\n<p><strong>Auf den Prager Fr\u00fchling folgt ein hei\u00dfer Sommer<\/strong><\/p>\n<\/p>\n<div id=\"attachment_1035\" style=\"width: 430px\" class=\"wp-caption alignleft\"><img loading=\"lazy\" decoding=\"async\" aria-describedby=\"caption-attachment-1035\" class=\" wp-image-1035\" src=\"https:\/\/projekte.uni-erfurt.de\/ddr-kino\/wp-content\/uploads\/2021\/02\/Aushangfoto_3_Heisse_Sommer.jpg\" alt=\"\" width=\"420\" height=\"332\" srcset=\"https:\/\/projekte.uni-erfurt.de\/ddr-kino\/wp-content\/uploads\/2021\/02\/Aushangfoto_3_Heisse_Sommer-16x12.jpg 16w, https:\/\/projekte.uni-erfurt.de\/ddr-kino\/wp-content\/uploads\/2021\/02\/Aushangfoto_3_Heisse_Sommer-200x158.jpg 200w, https:\/\/projekte.uni-erfurt.de\/ddr-kino\/wp-content\/uploads\/2021\/02\/Aushangfoto_3_Heisse_Sommer-300x237.jpg 300w, https:\/\/projekte.uni-erfurt.de\/ddr-kino\/wp-content\/uploads\/2021\/02\/Aushangfoto_3_Heisse_Sommer-400x316.jpg 400w, https:\/\/projekte.uni-erfurt.de\/ddr-kino\/wp-content\/uploads\/2021\/02\/Aushangfoto_3_Heisse_Sommer.jpg 450w\" sizes=\"(max-width: 420px) 100vw, 420px\" \/><p id=\"caption-attachment-1035\" class=\"wp-caption-text\">Kai (Frank Sch\u00f6bel) und Wolf (Hanns-Michael Schmidt) sind in dasselbe M\u00e4dchen verliebt und geraten aneinander. \u00a9DEFA-Stiftung<\/p><\/div>\n<p>\u201cHei\u00dfer Sommer\u201d z\u00e4hlt zu den beliebtesten Jugend- und Musikfilmen seiner Zeit. Die gezeigte Sorglosigkeit und Unbeschwertheit der Handlung schien den Erfolg des Films zwar zu befl\u00fcgeln, sorgte allerdings auch f\u00fcr Vorbehalte: So sahen einige Kritiker das hervorgehobene Freiheitsgef\u00fchl nicht nur als propagiertes Idealbild der DDR-Jugend, sondern auch als konstruiertes Gegenbild zur instabilen politischen Situation im Sommer 1968. [4]<\/p>\n<p><b><span style=\"font-size: 23px; color: #444444;\" data-fusion-font=\"true\">3. Sieben Sommersprossen (1978)<\/span><\/b><\/p>\n<\/p>\n<div id=\"attachment_1039\" style=\"width: 276px\" class=\"wp-caption alignright\"><img loading=\"lazy\" decoding=\"async\" aria-describedby=\"caption-attachment-1039\" class=\" wp-image-1039\" src=\"https:\/\/projekte.uni-erfurt.de\/ddr-kino\/wp-content\/uploads\/2021\/02\/Filmplakat_Sieben_Sommersprossen.jpg\" alt=\"\" width=\"266\" height=\"379\" srcset=\"https:\/\/projekte.uni-erfurt.de\/ddr-kino\/wp-content\/uploads\/2021\/02\/Filmplakat_Sieben_Sommersprossen-8x12.jpg 8w, https:\/\/projekte.uni-erfurt.de\/ddr-kino\/wp-content\/uploads\/2021\/02\/Filmplakat_Sieben_Sommersprossen-200x285.jpg 200w, https:\/\/projekte.uni-erfurt.de\/ddr-kino\/wp-content\/uploads\/2021\/02\/Filmplakat_Sieben_Sommersprossen-211x300.jpg 211w, https:\/\/projekte.uni-erfurt.de\/ddr-kino\/wp-content\/uploads\/2021\/02\/Filmplakat_Sieben_Sommersprossen.jpg 300w\" sizes=\"(max-width: 266px) 100vw, 266px\" \/><p id=\"caption-attachment-1039\" class=\"wp-caption-text\">Das Werbeplakat zum Film &#8220;Sieben Sommersprossen&#8221; aus dem Jahr 1978. \u00a9DEFA-Stiftung<\/p><\/div>\n<p>Mit &#8220;Sieben Sommersprossen&#8221; erz\u00e4hlte Regisseur Herrmann Zschoche eine sensible Geschichte, die heute unter dem Genre \u201cComing-of-Age\u201d laufen w\u00fcrde. Mit jugendlichen Laiendarstellern besetzt, begeisterte die einf\u00fchlsame Geschichte \u00fcber eine erste Liebe 1978 ein Millionenpublikum und wurde \u2013 nicht zuletzt auch durch die enthaltenen Nacktszenen der Schauspieler &#8211; schon nach kurzer Zeit zu einem Kultfilm.<\/p>\n<p><strong>Mit \u201cRomeo und Julia\u201d im Ferienlager <\/strong><\/p>\n<p>Die 14-j\u00e4hrige Karoline und der 15-j\u00e4hrige Robbi kennen sich von Kindesbeinen an. Nach vielen Jahren begegnen sie sich in einem Sommerferienlager wieder. Es entsteht eine zarte Liebesbeziehung, doch den beiden Jugendlichen f\u00e4llt es schwer, sich die Gef\u00fchle gegenseitig einzugestehen. Innerhalb ihres streng reglementierten Tagesprogramms im Ferienlager schaffen sie sich Freir\u00e4ume und kommen sich in diesen Stunden k\u00f6rperlich nahe. Als der Gruppenbetreuer Benedikt die Jugendlichen f\u00fcr Shakespeares Drama &#8220;Romeo und Julia&#8221; begeistert, scheint es, als w\u00fcrde das junge Liebespaar durch die Auseinandersetzung mit dem klassischen Stoff auch ihre eigenen Gef\u00fchle f\u00fcreinander besser kennenlernen. [5]\n<\/p>\n<div id=\"attachment_1045\" style=\"width: 313px\" class=\"wp-caption alignleft\"><img loading=\"lazy\" decoding=\"async\" aria-describedby=\"caption-attachment-1045\" class=\" wp-image-1045\" src=\"https:\/\/projekte.uni-erfurt.de\/ddr-kino\/wp-content\/uploads\/2021\/02\/Sieben-Sommersprossen_Copyright_DEFA_Stiftung_Herbert_Kroiss.jpg\" alt=\"\" width=\"303\" height=\"202\" srcset=\"https:\/\/projekte.uni-erfurt.de\/ddr-kino\/wp-content\/uploads\/2021\/02\/Sieben-Sommersprossen_Copyright_DEFA_Stiftung_Herbert_Kroiss-16x12.jpg 16w, https:\/\/projekte.uni-erfurt.de\/ddr-kino\/wp-content\/uploads\/2021\/02\/Sieben-Sommersprossen_Copyright_DEFA_Stiftung_Herbert_Kroiss-200x133.jpg 200w, https:\/\/projekte.uni-erfurt.de\/ddr-kino\/wp-content\/uploads\/2021\/02\/Sieben-Sommersprossen_Copyright_DEFA_Stiftung_Herbert_Kroiss-300x200.jpg 300w, https:\/\/projekte.uni-erfurt.de\/ddr-kino\/wp-content\/uploads\/2021\/02\/Sieben-Sommersprossen_Copyright_DEFA_Stiftung_Herbert_Kroiss-400x267.jpg 400w, https:\/\/projekte.uni-erfurt.de\/ddr-kino\/wp-content\/uploads\/2021\/02\/Sieben-Sommersprossen_Copyright_DEFA_Stiftung_Herbert_Kroiss.jpg 420w\" sizes=\"(max-width: 303px) 100vw, 303px\" \/><p id=\"caption-attachment-1045\" class=\"wp-caption-text\">Ein Szenenbild aus dem kontrovers diskutierten Film &#8220;Sieben Sommersprossen&#8221;. \u00a9DEFA-Stiftung<\/p><\/div>\n<p><strong>Bewusste Tabubr\u00fcche <\/strong><\/p>\n<p>Durch die zart, aber dennoch explizit gezeigten nackten Jugendlichen galt \u201cSieben Sommersprossen\u201d als diskussionsw\u00fcrdig. Viele Eltern sprachen angesichts der Filmfotos in den Schauk\u00e4sten vor den Kinos davon, ihren Kindern den Film zu verbieten. Den Erfolg der Romanze schm\u00e4lerte das nicht. Im Gegenteil: Mit \u201cGr\u00fcne Hochzeit\u201d erschien zehn Jahre sp\u00e4ter ein Spielfilm, der als Fortsetzung von \u201cSieben Sommersprossen\u201d gilt und die Zuschauer in die Liebesgeschichte der nun 17- und 18-j\u00e4hrigen Protagonisten f\u00fchrt. [6]<\/p>\n<p><i>In welchem Kino haben Sie den Film &#8220;Hei\u00dfe Sommer&#8221; gesehen? Welche Erinnerungen verbinden Sie mit &#8220;Die Legende von Paul und Paula&#8221;? Teilen Sie jetzt Ihre Kinoerlebnisse aus DDR-Zeiten auf unserer virtuellen Forschungsplattform und helfen Sie uns, diese einmalige Kinokultur vor dem Vergessen zu bewahren: <a href=\"https:\/\/projekte.uni-erfurt.de\/kinoinderddr\/\">https:\/\/projekte.uni-erfurt.de\/kinoinderddr\/<\/a>.<br \/>\n<\/i><\/p>\n<\/p>\n<p><strong><i>Einzelnachweise:<\/i><\/strong><\/p>\n<p>[1] MDR (2020). Die Legende von Paul und Paula. Abgerufen am 31.01.2020 unter: <a href=\"https:\/\/www.mdr.de\/tv\/programm\/sendung880558.html\" target=\"_blank\" rel=\"noopener noreferrer\">https:\/\/www.mdr.de\/tv\/programm\/sendung880558.html<\/a><\/p>\n<p>[2] K\u00fcrten, J. (2010). \u201cDie Legende von Paul und Paula\u201d. Abgerufen am 31.01.2020 unter: <a href=\"https:\/\/www.dw.com\/de\/die-legende-von-paul-und-paula\/a-5358649\" target=\"_blank\" rel=\"noopener noreferrer\">https:\/\/www.dw.com\/de\/die-legende-von-paul-und-paula\/a-5358649<\/a><\/p>\n<p>[3] Programm.ARD.de (2020). Hei\u00dfer Sommer. Abgerufen am 31.01.2020 unter: <a href=\"https:\/\/programm.ard.de\/TV\/Programm\/Sender\/?sendung=28229397349023\" target=\"_blank\" rel=\"noopener noreferrer\">https:\/\/programm.ard.de\/TV\/Programm\/Sender\/?sendung=28229397349023<\/a><\/p>\n<p>[4] Facon, E. (2018). 1968 in der DDR &#8211; Der heisse Sommer endete in Tr\u00e4nen. Abgerufen am 31.01.2020 unter: <a href=\"https:\/\/www.srf.ch\/kultur\/gesellschaft-religion\/wochenende-gesellschaft\/1968-in-der-ddr-der-heisse-sommer-endete-in-traenen\">https:\/\/www.srf.ch\/kultur\/gesellschaft-religion\/wochenende-gesellschaft\/1968-in-der-ddr-der-heisse-sommer-endete-in-traenen<\/a><\/p>\n<p>[5] Zschoche, Herrmann. (2002), Sieben Sommersprossen und andere Erinnerungen. Berlin: Verlag Neues Berlin.<\/p>\n<p>[6] Habel, F.-B. (2000). Das gro\u00dfe Lexikon der DEFA-Spielfilme, Berlin: Schwarzkopf &amp; Schwarzkopf, S.221f.<\/p>\n<\/div><div class=\"fusion-clearfix\"><\/div><\/div><\/div><\/div><\/div>\n","protected":false},"excerpt":{"rendered":"","protected":false},"author":7,"featured_media":1037,"comment_status":"open","ping_status":"open","sticky":false,"template":"","format":"standard","meta":{"footnotes":""},"categories":[1],"tags":[],"yoast_head":"<!-- This site is optimized with the Yoast SEO plugin v21.7 - https:\/\/yoast.com\/wordpress\/plugins\/seo\/ -->\n<title>Liebesfilme der DEFA: Zwischen Sommersprossen und Sozialismus - Kino in der DDR<\/title>\n<meta name=\"description\" content=\"Liebesfilme der DEFA: Zwischen Sommersprossen und Sozialismus - Kino in der DDR\" \/>\n<meta name=\"robots\" content=\"index, follow, max-snippet:-1, max-image-preview:large, max-video-preview:-1\" \/>\n<link rel=\"canonical\" href=\"https:\/\/projekte.uni-erfurt.de\/ddr-kino\/liebesfilme-der-defa-zwischen-sommersprossen-und-sozialismus\/\" \/>\n<meta property=\"og:locale\" content=\"de_DE\" \/>\n<meta property=\"og:type\" content=\"article\" \/>\n<meta property=\"og:title\" content=\"Liebesfilme der DEFA: Zwischen Sommersprossen und Sozialismus - Kino in der DDR\" \/>\n<meta property=\"og:description\" content=\"Liebesfilme der DEFA: Zwischen Sommersprossen und Sozialismus - Kino in der DDR\" \/>\n<meta property=\"og:url\" content=\"https:\/\/projekte.uni-erfurt.de\/ddr-kino\/liebesfilme-der-defa-zwischen-sommersprossen-und-sozialismus\/\" \/>\n<meta property=\"og:site_name\" content=\"Kino in der DDR\" \/>\n<meta property=\"article:publisher\" content=\"https:\/\/www.facebook.com\/kinoinderddr\/\" \/>\n<meta property=\"article:published_time\" content=\"2021-02-11T12:45:41+00:00\" \/>\n<meta property=\"article:modified_time\" content=\"2021-09-09T09:01:43+00:00\" \/>\n<meta property=\"og:image\" content=\"https:\/\/projekte.uni-erfurt.de\/ddr-kino\/wp-content\/uploads\/2021\/02\/Filmplakat_Heisse_Sommer.jpg\" \/>\n\t<meta property=\"og:image:width\" content=\"446\" \/>\n\t<meta property=\"og:image:height\" content=\"310\" \/>\n\t<meta property=\"og:image:type\" content=\"image\/jpeg\" \/>\n<meta name=\"author\" content=\"Redaktion\" \/>\n<meta name=\"twitter:card\" content=\"summary_large_image\" \/>\n<meta name=\"twitter:creator\" content=\"@kino_ddr\" \/>\n<meta name=\"twitter:site\" content=\"@kino_ddr\" \/>\n<meta name=\"twitter:label1\" content=\"Verfasst von\" \/>\n\t<meta name=\"twitter:data1\" content=\"Redaktion\" \/>\n\t<meta name=\"twitter:label2\" content=\"Gesch\u00e4tzte Lesezeit\" \/>\n\t<meta name=\"twitter:data2\" content=\"7\u00a0Minuten\" \/>\n<script type=\"application\/ld+json\" class=\"yoast-schema-graph\">{\"@context\":\"https:\/\/schema.org\",\"@graph\":[{\"@type\":\"Article\",\"@id\":\"https:\/\/projekte.uni-erfurt.de\/ddr-kino\/liebesfilme-der-defa-zwischen-sommersprossen-und-sozialismus\/#article\",\"isPartOf\":{\"@id\":\"https:\/\/projekte.uni-erfurt.de\/ddr-kino\/liebesfilme-der-defa-zwischen-sommersprossen-und-sozialismus\/\"},\"author\":{\"name\":\"Redaktion\",\"@id\":\"https:\/\/projekte.uni-erfurt.de\/ddr-kino\/#\/schema\/person\/ae834fa903dfecc6f7ddcd753924b92b\"},\"headline\":\"Liebesfilme der DEFA: Zwischen Sommersprossen und Sozialismus\",\"datePublished\":\"2021-02-11T12:45:41+00:00\",\"dateModified\":\"2021-09-09T09:01:43+00:00\",\"mainEntityOfPage\":{\"@id\":\"https:\/\/projekte.uni-erfurt.de\/ddr-kino\/liebesfilme-der-defa-zwischen-sommersprossen-und-sozialismus\/\"},\"wordCount\":1370,\"commentCount\":1,\"publisher\":{\"@id\":\"https:\/\/projekte.uni-erfurt.de\/ddr-kino\/#organization\"},\"inLanguage\":\"de\",\"potentialAction\":[{\"@type\":\"CommentAction\",\"name\":\"Comment\",\"target\":[\"https:\/\/projekte.uni-erfurt.de\/ddr-kino\/liebesfilme-der-defa-zwischen-sommersprossen-und-sozialismus\/#respond\"]}]},{\"@type\":\"WebPage\",\"@id\":\"https:\/\/projekte.uni-erfurt.de\/ddr-kino\/liebesfilme-der-defa-zwischen-sommersprossen-und-sozialismus\/\",\"url\":\"https:\/\/projekte.uni-erfurt.de\/ddr-kino\/liebesfilme-der-defa-zwischen-sommersprossen-und-sozialismus\/\",\"name\":\"Liebesfilme der DEFA: Zwischen Sommersprossen und Sozialismus - Kino in der DDR\",\"isPartOf\":{\"@id\":\"https:\/\/projekte.uni-erfurt.de\/ddr-kino\/#website\"},\"datePublished\":\"2021-02-11T12:45:41+00:00\",\"dateModified\":\"2021-09-09T09:01:43+00:00\",\"description\":\"Liebesfilme der DEFA: Zwischen Sommersprossen und Sozialismus - Kino in der DDR\",\"breadcrumb\":{\"@id\":\"https:\/\/projekte.uni-erfurt.de\/ddr-kino\/liebesfilme-der-defa-zwischen-sommersprossen-und-sozialismus\/#breadcrumb\"},\"inLanguage\":\"de\",\"potentialAction\":[{\"@type\":\"ReadAction\",\"target\":[\"https:\/\/projekte.uni-erfurt.de\/ddr-kino\/liebesfilme-der-defa-zwischen-sommersprossen-und-sozialismus\/\"]}]},{\"@type\":\"BreadcrumbList\",\"@id\":\"https:\/\/projekte.uni-erfurt.de\/ddr-kino\/liebesfilme-der-defa-zwischen-sommersprossen-und-sozialismus\/#breadcrumb\",\"itemListElement\":[{\"@type\":\"ListItem\",\"position\":1,\"name\":\"Startseite\",\"item\":\"https:\/\/projekte.uni-erfurt.de\/ddr-kino\/\"},{\"@type\":\"ListItem\",\"position\":2,\"name\":\"Liebesfilme der DEFA: Zwischen Sommersprossen und Sozialismus\"}]},{\"@type\":\"WebSite\",\"@id\":\"https:\/\/projekte.uni-erfurt.de\/ddr-kino\/#website\",\"url\":\"https:\/\/projekte.uni-erfurt.de\/ddr-kino\/\",\"name\":\"Kino in der DDR\",\"description\":\"Ein b\u00fcrgerwissenschaftliches Forschungsprojekt\",\"publisher\":{\"@id\":\"https:\/\/projekte.uni-erfurt.de\/ddr-kino\/#organization\"},\"potentialAction\":[{\"@type\":\"SearchAction\",\"target\":{\"@type\":\"EntryPoint\",\"urlTemplate\":\"https:\/\/projekte.uni-erfurt.de\/ddr-kino\/?s={search_term_string}\"},\"query-input\":\"required name=search_term_string\"}],\"inLanguage\":\"de\"},{\"@type\":\"Organization\",\"@id\":\"https:\/\/projekte.uni-erfurt.de\/ddr-kino\/#organization\",\"name\":\"Kino in der DDR\",\"url\":\"https:\/\/projekte.uni-erfurt.de\/ddr-kino\/\",\"logo\":{\"@type\":\"ImageObject\",\"inLanguage\":\"de\",\"@id\":\"https:\/\/projekte.uni-erfurt.de\/ddr-kino\/#\/schema\/logo\/image\/\",\"url\":\"https:\/\/projekte.uni-erfurt.de\/ddr-kino\/wp-content\/uploads\/2019\/08\/Kino_in_der_DDR_Logo-1-e1566923823474.png\",\"contentUrl\":\"https:\/\/projekte.uni-erfurt.de\/ddr-kino\/wp-content\/uploads\/2019\/08\/Kino_in_der_DDR_Logo-1-e1566923823474.png\",\"width\":200,\"height\":90,\"caption\":\"Kino in der DDR\"},\"image\":{\"@id\":\"https:\/\/projekte.uni-erfurt.de\/ddr-kino\/#\/schema\/logo\/image\/\"},\"sameAs\":[\"https:\/\/www.facebook.com\/kinoinderddr\/\",\"https:\/\/twitter.com\/kino_ddr\"]},{\"@type\":\"Person\",\"@id\":\"https:\/\/projekte.uni-erfurt.de\/ddr-kino\/#\/schema\/person\/ae834fa903dfecc6f7ddcd753924b92b\",\"name\":\"Redaktion\",\"image\":{\"@type\":\"ImageObject\",\"inLanguage\":\"de\",\"@id\":\"https:\/\/projekte.uni-erfurt.de\/ddr-kino\/#\/schema\/person\/image\/\",\"url\":\"https:\/\/secure.gravatar.com\/avatar\/156bae742da6fe6f2513aec455b0b45f?s=96&d=mm&r=g\",\"contentUrl\":\"https:\/\/secure.gravatar.com\/avatar\/156bae742da6fe6f2513aec455b0b45f?s=96&d=mm&r=g\",\"caption\":\"Redaktion\"},\"url\":\"https:\/\/projekte.uni-erfurt.de\/ddr-kino\/author\/redaktion\/\"}]}<\/script>\n<!-- \/ Yoast SEO plugin. -->","yoast_head_json":{"title":"Liebesfilme der DEFA: Zwischen Sommersprossen und Sozialismus - Kino in der DDR","description":"Liebesfilme der DEFA: Zwischen Sommersprossen und Sozialismus - Kino in der DDR","robots":{"index":"index","follow":"follow","max-snippet":"max-snippet:-1","max-image-preview":"max-image-preview:large","max-video-preview":"max-video-preview:-1"},"canonical":"https:\/\/projekte.uni-erfurt.de\/ddr-kino\/liebesfilme-der-defa-zwischen-sommersprossen-und-sozialismus\/","og_locale":"de_DE","og_type":"article","og_title":"Liebesfilme der DEFA: Zwischen Sommersprossen und Sozialismus - Kino in der DDR","og_description":"Liebesfilme der DEFA: Zwischen Sommersprossen und Sozialismus - Kino in der DDR","og_url":"https:\/\/projekte.uni-erfurt.de\/ddr-kino\/liebesfilme-der-defa-zwischen-sommersprossen-und-sozialismus\/","og_site_name":"Kino in der DDR","article_publisher":"https:\/\/www.facebook.com\/kinoinderddr\/","article_published_time":"2021-02-11T12:45:41+00:00","article_modified_time":"2021-09-09T09:01:43+00:00","og_image":[{"width":446,"height":310,"url":"https:\/\/projekte.uni-erfurt.de\/ddr-kino\/wp-content\/uploads\/2021\/02\/Filmplakat_Heisse_Sommer.jpg","type":"image\/jpeg"}],"author":"Redaktion","twitter_card":"summary_large_image","twitter_creator":"@kino_ddr","twitter_site":"@kino_ddr","twitter_misc":{"Verfasst von":"Redaktion","Gesch\u00e4tzte Lesezeit":"7\u00a0Minuten"},"schema":{"@context":"https:\/\/schema.org","@graph":[{"@type":"Article","@id":"https:\/\/projekte.uni-erfurt.de\/ddr-kino\/liebesfilme-der-defa-zwischen-sommersprossen-und-sozialismus\/#article","isPartOf":{"@id":"https:\/\/projekte.uni-erfurt.de\/ddr-kino\/liebesfilme-der-defa-zwischen-sommersprossen-und-sozialismus\/"},"author":{"name":"Redaktion","@id":"https:\/\/projekte.uni-erfurt.de\/ddr-kino\/#\/schema\/person\/ae834fa903dfecc6f7ddcd753924b92b"},"headline":"Liebesfilme der DEFA: Zwischen Sommersprossen und Sozialismus","datePublished":"2021-02-11T12:45:41+00:00","dateModified":"2021-09-09T09:01:43+00:00","mainEntityOfPage":{"@id":"https:\/\/projekte.uni-erfurt.de\/ddr-kino\/liebesfilme-der-defa-zwischen-sommersprossen-und-sozialismus\/"},"wordCount":1370,"commentCount":1,"publisher":{"@id":"https:\/\/projekte.uni-erfurt.de\/ddr-kino\/#organization"},"inLanguage":"de","potentialAction":[{"@type":"CommentAction","name":"Comment","target":["https:\/\/projekte.uni-erfurt.de\/ddr-kino\/liebesfilme-der-defa-zwischen-sommersprossen-und-sozialismus\/#respond"]}]},{"@type":"WebPage","@id":"https:\/\/projekte.uni-erfurt.de\/ddr-kino\/liebesfilme-der-defa-zwischen-sommersprossen-und-sozialismus\/","url":"https:\/\/projekte.uni-erfurt.de\/ddr-kino\/liebesfilme-der-defa-zwischen-sommersprossen-und-sozialismus\/","name":"Liebesfilme der DEFA: Zwischen Sommersprossen und Sozialismus - Kino in der DDR","isPartOf":{"@id":"https:\/\/projekte.uni-erfurt.de\/ddr-kino\/#website"},"datePublished":"2021-02-11T12:45:41+00:00","dateModified":"2021-09-09T09:01:43+00:00","description":"Liebesfilme der DEFA: Zwischen Sommersprossen und Sozialismus - Kino in der DDR","breadcrumb":{"@id":"https:\/\/projekte.uni-erfurt.de\/ddr-kino\/liebesfilme-der-defa-zwischen-sommersprossen-und-sozialismus\/#breadcrumb"},"inLanguage":"de","potentialAction":[{"@type":"ReadAction","target":["https:\/\/projekte.uni-erfurt.de\/ddr-kino\/liebesfilme-der-defa-zwischen-sommersprossen-und-sozialismus\/"]}]},{"@type":"BreadcrumbList","@id":"https:\/\/projekte.uni-erfurt.de\/ddr-kino\/liebesfilme-der-defa-zwischen-sommersprossen-und-sozialismus\/#breadcrumb","itemListElement":[{"@type":"ListItem","position":1,"name":"Startseite","item":"https:\/\/projekte.uni-erfurt.de\/ddr-kino\/"},{"@type":"ListItem","position":2,"name":"Liebesfilme der DEFA: Zwischen Sommersprossen und Sozialismus"}]},{"@type":"WebSite","@id":"https:\/\/projekte.uni-erfurt.de\/ddr-kino\/#website","url":"https:\/\/projekte.uni-erfurt.de\/ddr-kino\/","name":"Kino in der DDR","description":"Ein b\u00fcrgerwissenschaftliches Forschungsprojekt","publisher":{"@id":"https:\/\/projekte.uni-erfurt.de\/ddr-kino\/#organization"},"potentialAction":[{"@type":"SearchAction","target":{"@type":"EntryPoint","urlTemplate":"https:\/\/projekte.uni-erfurt.de\/ddr-kino\/?s={search_term_string}"},"query-input":"required name=search_term_string"}],"inLanguage":"de"},{"@type":"Organization","@id":"https:\/\/projekte.uni-erfurt.de\/ddr-kino\/#organization","name":"Kino in der DDR","url":"https:\/\/projekte.uni-erfurt.de\/ddr-kino\/","logo":{"@type":"ImageObject","inLanguage":"de","@id":"https:\/\/projekte.uni-erfurt.de\/ddr-kino\/#\/schema\/logo\/image\/","url":"https:\/\/projekte.uni-erfurt.de\/ddr-kino\/wp-content\/uploads\/2019\/08\/Kino_in_der_DDR_Logo-1-e1566923823474.png","contentUrl":"https:\/\/projekte.uni-erfurt.de\/ddr-kino\/wp-content\/uploads\/2019\/08\/Kino_in_der_DDR_Logo-1-e1566923823474.png","width":200,"height":90,"caption":"Kino in der DDR"},"image":{"@id":"https:\/\/projekte.uni-erfurt.de\/ddr-kino\/#\/schema\/logo\/image\/"},"sameAs":["https:\/\/www.facebook.com\/kinoinderddr\/","https:\/\/twitter.com\/kino_ddr"]},{"@type":"Person","@id":"https:\/\/projekte.uni-erfurt.de\/ddr-kino\/#\/schema\/person\/ae834fa903dfecc6f7ddcd753924b92b","name":"Redaktion","image":{"@type":"ImageObject","inLanguage":"de","@id":"https:\/\/projekte.uni-erfurt.de\/ddr-kino\/#\/schema\/person\/image\/","url":"https:\/\/secure.gravatar.com\/avatar\/156bae742da6fe6f2513aec455b0b45f?s=96&d=mm&r=g","contentUrl":"https:\/\/secure.gravatar.com\/avatar\/156bae742da6fe6f2513aec455b0b45f?s=96&d=mm&r=g","caption":"Redaktion"},"url":"https:\/\/projekte.uni-erfurt.de\/ddr-kino\/author\/redaktion\/"}]}},"_links":{"self":[{"href":"https:\/\/projekte.uni-erfurt.de\/ddr-kino\/wp-json\/wp\/v2\/posts\/1025"}],"collection":[{"href":"https:\/\/projekte.uni-erfurt.de\/ddr-kino\/wp-json\/wp\/v2\/posts"}],"about":[{"href":"https:\/\/projekte.uni-erfurt.de\/ddr-kino\/wp-json\/wp\/v2\/types\/post"}],"author":[{"embeddable":true,"href":"https:\/\/projekte.uni-erfurt.de\/ddr-kino\/wp-json\/wp\/v2\/users\/7"}],"replies":[{"embeddable":true,"href":"https:\/\/projekte.uni-erfurt.de\/ddr-kino\/wp-json\/wp\/v2\/comments?post=1025"}],"version-history":[{"count":13,"href":"https:\/\/projekte.uni-erfurt.de\/ddr-kino\/wp-json\/wp\/v2\/posts\/1025\/revisions"}],"predecessor-version":[{"id":1472,"href":"https:\/\/projekte.uni-erfurt.de\/ddr-kino\/wp-json\/wp\/v2\/posts\/1025\/revisions\/1472"}],"wp:featuredmedia":[{"embeddable":true,"href":"https:\/\/projekte.uni-erfurt.de\/ddr-kino\/wp-json\/wp\/v2\/media\/1037"}],"wp:attachment":[{"href":"https:\/\/projekte.uni-erfurt.de\/ddr-kino\/wp-json\/wp\/v2\/media?parent=1025"}],"wp:term":[{"taxonomy":"category","embeddable":true,"href":"https:\/\/projekte.uni-erfurt.de\/ddr-kino\/wp-json\/wp\/v2\/categories?post=1025"},{"taxonomy":"post_tag","embeddable":true,"href":"https:\/\/projekte.uni-erfurt.de\/ddr-kino\/wp-json\/wp\/v2\/tags?post=1025"}],"curies":[{"name":"wp","href":"https:\/\/api.w.org\/{rel}","templated":true}]}}