{"id":1253,"date":"2021-06-11T10:16:33","date_gmt":"2021-06-11T08:16:33","guid":{"rendered":"https:\/\/projekte.uni-erfurt.de\/ddr-kino\/?p=1253"},"modified":"2021-06-11T10:20:25","modified_gmt":"2021-06-11T08:20:25","slug":"kino-in-der-ddr-im-gespraech-mit-radio-frei","status":"publish","type":"post","link":"https:\/\/projekte.uni-erfurt.de\/ddr-kino\/kino-in-der-ddr-im-gespraech-mit-radio-frei\/","title":{"rendered":"&#8220;Kino in der DDR&#8221; im Interview mit Radio F.R.E.I."},"content":{"rendered":"<p><div class=\"fusion-fullwidth fullwidth-box fusion-builder-row-1 nonhundred-percent-fullwidth non-hundred-percent-height-scrolling\" style=\"background-color: rgba(255,255,255,0);background-position: center center;background-repeat: no-repeat;padding-top:0px;padding-right:0px;padding-bottom:0px;padding-left:0px;margin-bottom: 0px;margin-top: 0px;border-width: 0px 0px 0px 0px;border-color:#eae9e9;border-style:solid;\" ><div class=\"fusion-builder-row fusion-row\"><div class=\"fusion-layout-column fusion_builder_column fusion-builder-column-0 fusion_builder_column_1_1 1_1 fusion-one-full fusion-column-first fusion-column-last\" style=\"margin-top:0px;margin-bottom:20px;\"><div class=\"fusion-column-wrapper fusion-flex-column-wrapper-legacy\" style=\"background-position:left top;background-repeat:no-repeat;-webkit-background-size:cover;-moz-background-size:cover;-o-background-size:cover;background-size:cover;padding: 0px 0px 0px 0px;\"><div class=\"fusion-text fusion-text-1\"><p><i>Der Erfurter Lokalsender Radio F.R.E.I. wollte mehr \u00fcber das Projekt &#8220;Kino in der DDR&#8221; erfahren und sprach mit dem Forschungsteam \u00fcber Hintergr\u00fcnde, Ziele und den aktuellen Stand des Vorhabens. Wer das Interview verpasst hat, kann es hier noch einmal als Podcast h\u00f6ren. <\/i><\/p>\n<p>Am 1. Mai 2021 war das Projektteam von &#8220;Kino in der DDR&#8221; zu Gast im Radio-Filmmagazin &#8220;Zwei glorreiche Halunken&#8221; des Erfurter H\u00f6rfunksenders Radio F.R.E.I. Darin sprachen Projektkoordinator Ren\u00e9 Smolarski und Mitarbeiterin Kathleen Kr\u00f6ger mit dem Journalisten Reinhard Hucke \u00fcber die Forschungsidee und den aktuellen Projektstand. Die Forschenden verraten au\u00dferdem, welche neuen und \u00fcberraschenden Erkenntnisse sie bislang aus dem Kino-Projekt f\u00fcr sich gewonnen haben. <\/p>\n<p>Nach Ausstrahlung der Sendung hat uns <a target=\"_blank\" rel=\"noopener noreferrer\" href=\"https:\/\/www.radio-frei.de\/\">Radio F.R.E.I.<\/a> eine Aufzeichnung des Interviews zukommen lassen. Den Mittschnitt stellen wir mit freundlicher Genehmigung des Senders allen Interessierten als Podcast hier zur Verf\u00fcgung:<\/p>\n<\/div><div class=\"fusion-clearfix\"><\/div><\/div><\/div><\/div><\/div><div class=\"fusion-fullwidth fullwidth-box fusion-builder-row-2 fusion-flex-container nonhundred-percent-fullwidth non-hundred-percent-height-scrolling\" style=\"background-color: rgba(255,255,255,0);background-position: center center;background-repeat: no-repeat;border-width: 0px 0px 0px 0px;border-color:#eae9e9;border-style:solid;\" ><div class=\"fusion-builder-row fusion-row fusion-flex-align-items-flex-start\" style=\"max-width:1248px;margin-left: calc(-4% \/ 2 );margin-right: calc(-4% \/ 2 );\"><div class=\"fusion-layout-column fusion_builder_column fusion-builder-column-1 fusion_builder_column_1_1 1_1 fusion-flex-column\"><div class=\"fusion-column-wrapper fusion-flex-justify-content-flex-start fusion-content-layout-column\" style=\"background-position:left top;background-repeat:no-repeat;-webkit-background-size:cover;-moz-background-size:cover;-o-background-size:cover;background-size:cover;padding: 0px 0px 0px 0px;\"><div class=\"fusion-text fusion-text-2\"><p>1. Teil &#8211; Projekthintergrund<\/p>\n<\/div><div class=\"fusion-audio fusion-audio-1\" style=\"--fusion-audio-accent-color:#ffffff;--fusion-audio-border-size:0;--fusion-audio-border-color:var(--awb-color1);--fusion-audio-border-top-left-radius:0px;--fusion-audio-border-top-right-radius:0px;--fusion-audio-border-bottom-right-radius:0px;--fusion-audio-border-bottom-left-radius:0px;--fusion-audio-background-color:#1d242d;--fusion-audio-max-width:100%;\"><!--[if lt IE 9]><script>document.createElement('audio');<\/script><![endif]-->\n<audio class=\"wp-audio-shortcode\" id=\"audio-1253-1\" preload=\"none\" style=\"width: 100%;\" controls=\"controls\"><source type=\"audio\/mpeg\" src=\"https:\/\/projekte.uni-erfurt.de\/ddr-kino\/wp-content\/uploads\/2021\/06\/Interview_Radio_FREI_Teil_1.mp3?_=1\" \/><a href=\"https:\/\/projekte.uni-erfurt.de\/ddr-kino\/wp-content\/uploads\/2021\/06\/Interview_Radio_FREI_Teil_1.mp3\">https:\/\/projekte.uni-erfurt.de\/ddr-kino\/wp-content\/uploads\/2021\/06\/Interview_Radio_FREI_Teil_1.mp3<\/a><\/audio><\/div><\/div><style type=\"text\/css\">.fusion-body .fusion-builder-column-1{width:100% !important;margin-top : 0px;margin-bottom : 20px;}.fusion-builder-column-1 > .fusion-column-wrapper {padding-top : 0px !important;padding-right : 0px !important;margin-right : 1.92%;padding-bottom : 0px !important;padding-left : 0px !important;margin-left : 1.92%;}@media only screen and (max-width:1024px) {.fusion-body .fusion-builder-column-1{width:100% !important;order : 0;}.fusion-builder-column-1 > .fusion-column-wrapper {margin-right : 1.92%;margin-left : 1.92%;}}@media only screen and (max-width:640px) {.fusion-body .fusion-builder-column-1{width:100% !important;order : 0;}.fusion-builder-column-1 > .fusion-column-wrapper {margin-right : 1.92%;margin-left : 1.92%;}}<\/style><\/div><div class=\"fusion-layout-column fusion_builder_column fusion-builder-column-2 fusion_builder_column_1_1 1_1 fusion-flex-column\"><div class=\"fusion-column-wrapper fusion-flex-justify-content-flex-start fusion-content-layout-column\" style=\"background-position:left top;background-repeat:no-repeat;-webkit-background-size:cover;-moz-background-size:cover;-o-background-size:cover;background-size:cover;padding: 0px 0px 0px 0px;\"><div class=\"fusion-text fusion-text-3\"><p>2. Teil &#8211; Aktueller Projektstand<\/p>\n<\/div><div class=\"fusion-audio fusion-audio-2\" style=\"--fusion-audio-accent-color:#ffffff;--fusion-audio-border-size:0;--fusion-audio-border-color:var(--awb-color1);--fusion-audio-border-top-left-radius:0px;--fusion-audio-border-top-right-radius:0px;--fusion-audio-border-bottom-right-radius:0px;--fusion-audio-border-bottom-left-radius:0px;--fusion-audio-background-color:#1d242d;--fusion-audio-max-width:100%;\"><audio class=\"wp-audio-shortcode\" id=\"audio-1253-2\" preload=\"none\" style=\"width: 100%;\" controls=\"controls\"><source type=\"audio\/mpeg\" src=\"https:\/\/projekte.uni-erfurt.de\/ddr-kino\/wp-content\/uploads\/2021\/06\/Interview_Radio_FREI_Teil_2.mp3?_=2\" \/><a href=\"https:\/\/projekte.uni-erfurt.de\/ddr-kino\/wp-content\/uploads\/2021\/06\/Interview_Radio_FREI_Teil_2.mp3\">https:\/\/projekte.uni-erfurt.de\/ddr-kino\/wp-content\/uploads\/2021\/06\/Interview_Radio_FREI_Teil_2.mp3<\/a><\/audio><\/div><\/div><style type=\"text\/css\">.fusion-body .fusion-builder-column-2{width:100% !important;margin-top : 0px;margin-bottom : 20px;}.fusion-builder-column-2 > .fusion-column-wrapper {padding-top : 0px !important;padding-right : 0px !important;margin-right : 1.92%;padding-bottom : 0px !important;padding-left : 0px !important;margin-left : 1.92%;}@media only screen and (max-width:1024px) {.fusion-body .fusion-builder-column-2{width:100% !important;order : 0;}.fusion-builder-column-2 > .fusion-column-wrapper {margin-right : 1.92%;margin-left : 1.92%;}}@media only screen and (max-width:640px) {.fusion-body .fusion-builder-column-2{width:100% !important;order : 0;}.fusion-builder-column-2 > .fusion-column-wrapper {margin-right : 1.92%;margin-left : 1.92%;}}<\/style><\/div><div class=\"fusion-layout-column fusion_builder_column fusion-builder-column-3 fusion_builder_column_1_1 1_1 fusion-flex-column\"><div class=\"fusion-column-wrapper fusion-flex-justify-content-flex-start fusion-content-layout-column\" style=\"background-position:left top;background-repeat:no-repeat;-webkit-background-size:cover;-moz-background-size:cover;-o-background-size:cover;background-size:cover;padding: 0px 0px 0px 0px;\"><div class=\"fusion-text fusion-text-4\"><p>3. Teil &#8211; Ausblick<\/p>\n<\/div><div class=\"fusion-audio fusion-audio-3\" style=\"--fusion-audio-accent-color:#ffffff;--fusion-audio-border-size:0;--fusion-audio-border-color:var(--awb-color1);--fusion-audio-border-top-left-radius:0px;--fusion-audio-border-top-right-radius:0px;--fusion-audio-border-bottom-right-radius:0px;--fusion-audio-border-bottom-left-radius:0px;--fusion-audio-background-color:#1d242d;--fusion-audio-max-width:100%;\"><audio class=\"wp-audio-shortcode\" id=\"audio-1253-3\" preload=\"none\" style=\"width: 100%;\" controls=\"controls\"><source type=\"audio\/mpeg\" src=\"https:\/\/projekte.uni-erfurt.de\/ddr-kino\/wp-content\/uploads\/2021\/06\/Interview_Radio_FREI_Teil_3.mp3?_=3\" \/><a href=\"https:\/\/projekte.uni-erfurt.de\/ddr-kino\/wp-content\/uploads\/2021\/06\/Interview_Radio_FREI_Teil_3.mp3\">https:\/\/projekte.uni-erfurt.de\/ddr-kino\/wp-content\/uploads\/2021\/06\/Interview_Radio_FREI_Teil_3.mp3<\/a><\/audio><\/div><\/div><style type=\"text\/css\">.fusion-body .fusion-builder-column-3{width:100% !important;margin-top : 0px;margin-bottom : 20px;}.fusion-builder-column-3 > .fusion-column-wrapper {padding-top : 0px !important;padding-right : 0px !important;margin-right : 1.92%;padding-bottom : 0px !important;padding-left : 0px !important;margin-left : 1.92%;}@media only screen and (max-width:1024px) {.fusion-body .fusion-builder-column-3{width:100% !important;order : 0;}.fusion-builder-column-3 > .fusion-column-wrapper {margin-right : 1.92%;margin-left : 1.92%;}}@media only screen and (max-width:640px) {.fusion-body .fusion-builder-column-3{width:100% !important;order : 0;}.fusion-builder-column-3 > .fusion-column-wrapper {margin-right : 1.92%;margin-left : 1.92%;}}<\/style><\/div><\/div><style type=\"text\/css\">.fusion-body .fusion-flex-container.fusion-builder-row-2{ padding-top : 0px;margin-top : 0px;padding-right : 0px;padding-bottom : 0px;margin-bottom : 0px;padding-left : 0px;}<\/style><\/div><\/p>\n","protected":false},"excerpt":{"rendered":"","protected":false},"author":7,"featured_media":1252,"comment_status":"open","ping_status":"open","sticky":false,"template":"","format":"standard","meta":{"footnotes":""},"categories":[1],"tags":[],"yoast_head":"<!-- This site is optimized with the Yoast SEO plugin v21.7 - https:\/\/yoast.com\/wordpress\/plugins\/seo\/ -->\n<title>&quot;Kino in der DDR&quot; im Interview mit Radio F.R.E.I. - Kino in der DDR<\/title>\n<meta name=\"description\" content=\"&quot;Kino in der DDR&quot; im Interview mit Radio F.R.E.I. - Kino in der DDR\" \/>\n<meta name=\"robots\" content=\"index, follow, max-snippet:-1, max-image-preview:large, max-video-preview:-1\" \/>\n<link rel=\"canonical\" href=\"https:\/\/projekte.uni-erfurt.de\/ddr-kino\/kino-in-der-ddr-im-gespraech-mit-radio-frei\/\" \/>\n<meta property=\"og:locale\" content=\"de_DE\" \/>\n<meta property=\"og:type\" content=\"article\" \/>\n<meta property=\"og:title\" content=\"&quot;Kino in der DDR&quot; im Interview mit Radio F.R.E.I. - Kino in der DDR\" \/>\n<meta property=\"og:description\" content=\"&quot;Kino in der DDR&quot; im Interview mit Radio F.R.E.I. - Kino in der DDR\" \/>\n<meta property=\"og:url\" content=\"https:\/\/projekte.uni-erfurt.de\/ddr-kino\/kino-in-der-ddr-im-gespraech-mit-radio-frei\/\" \/>\n<meta property=\"og:site_name\" content=\"Kino in der DDR\" \/>\n<meta property=\"article:publisher\" content=\"https:\/\/www.facebook.com\/kinoinderddr\/\" \/>\n<meta property=\"article:published_time\" content=\"2021-06-11T08:16:33+00:00\" \/>\n<meta property=\"article:modified_time\" content=\"2021-06-11T08:20:25+00:00\" \/>\n<meta property=\"og:image\" content=\"https:\/\/projekte.uni-erfurt.de\/ddr-kino\/wp-content\/uploads\/2021\/06\/Interview_Radio_FREI.jpg\" \/>\n\t<meta property=\"og:image:width\" content=\"874\" \/>\n\t<meta property=\"og:image:height\" content=\"620\" \/>\n\t<meta property=\"og:image:type\" content=\"image\/jpeg\" \/>\n<meta name=\"author\" content=\"Redaktion\" \/>\n<meta name=\"twitter:card\" content=\"summary_large_image\" \/>\n<meta name=\"twitter:creator\" content=\"@kino_ddr\" \/>\n<meta name=\"twitter:site\" content=\"@kino_ddr\" \/>\n<meta name=\"twitter:label1\" content=\"Verfasst von\" \/>\n\t<meta name=\"twitter:data1\" content=\"Redaktion\" \/>\n\t<meta name=\"twitter:label2\" content=\"Gesch\u00e4tzte Lesezeit\" \/>\n\t<meta name=\"twitter:data2\" content=\"3\u00a0Minuten\" \/>\n<script type=\"application\/ld+json\" class=\"yoast-schema-graph\">{\"@context\":\"https:\/\/schema.org\",\"@graph\":[{\"@type\":\"Article\",\"@id\":\"https:\/\/projekte.uni-erfurt.de\/ddr-kino\/kino-in-der-ddr-im-gespraech-mit-radio-frei\/#article\",\"isPartOf\":{\"@id\":\"https:\/\/projekte.uni-erfurt.de\/ddr-kino\/kino-in-der-ddr-im-gespraech-mit-radio-frei\/\"},\"author\":{\"name\":\"Redaktion\",\"@id\":\"https:\/\/projekte.uni-erfurt.de\/ddr-kino\/#\/schema\/person\/ae834fa903dfecc6f7ddcd753924b92b\"},\"headline\":\"&#8220;Kino in der DDR&#8221; im Interview mit Radio F.R.E.I.\",\"datePublished\":\"2021-06-11T08:16:33+00:00\",\"dateModified\":\"2021-06-11T08:20:25+00:00\",\"mainEntityOfPage\":{\"@id\":\"https:\/\/projekte.uni-erfurt.de\/ddr-kino\/kino-in-der-ddr-im-gespraech-mit-radio-frei\/\"},\"wordCount\":1577,\"commentCount\":0,\"publisher\":{\"@id\":\"https:\/\/projekte.uni-erfurt.de\/ddr-kino\/#organization\"},\"inLanguage\":\"de\",\"potentialAction\":[{\"@type\":\"CommentAction\",\"name\":\"Comment\",\"target\":[\"https:\/\/projekte.uni-erfurt.de\/ddr-kino\/kino-in-der-ddr-im-gespraech-mit-radio-frei\/#respond\"]}]},{\"@type\":\"WebPage\",\"@id\":\"https:\/\/projekte.uni-erfurt.de\/ddr-kino\/kino-in-der-ddr-im-gespraech-mit-radio-frei\/\",\"url\":\"https:\/\/projekte.uni-erfurt.de\/ddr-kino\/kino-in-der-ddr-im-gespraech-mit-radio-frei\/\",\"name\":\"\\\"Kino in der DDR\\\" im Interview mit Radio F.R.E.I. - Kino in der DDR\",\"isPartOf\":{\"@id\":\"https:\/\/projekte.uni-erfurt.de\/ddr-kino\/#website\"},\"datePublished\":\"2021-06-11T08:16:33+00:00\",\"dateModified\":\"2021-06-11T08:20:25+00:00\",\"description\":\"\\\"Kino in der DDR\\\" im Interview mit Radio F.R.E.I. - Kino in der DDR\",\"breadcrumb\":{\"@id\":\"https:\/\/projekte.uni-erfurt.de\/ddr-kino\/kino-in-der-ddr-im-gespraech-mit-radio-frei\/#breadcrumb\"},\"inLanguage\":\"de\",\"potentialAction\":[{\"@type\":\"ReadAction\",\"target\":[\"https:\/\/projekte.uni-erfurt.de\/ddr-kino\/kino-in-der-ddr-im-gespraech-mit-radio-frei\/\"]}]},{\"@type\":\"BreadcrumbList\",\"@id\":\"https:\/\/projekte.uni-erfurt.de\/ddr-kino\/kino-in-der-ddr-im-gespraech-mit-radio-frei\/#breadcrumb\",\"itemListElement\":[{\"@type\":\"ListItem\",\"position\":1,\"name\":\"Startseite\",\"item\":\"https:\/\/projekte.uni-erfurt.de\/ddr-kino\/\"},{\"@type\":\"ListItem\",\"position\":2,\"name\":\"&#8220;Kino in der DDR&#8221; im Interview mit Radio F.R.E.I.\"}]},{\"@type\":\"WebSite\",\"@id\":\"https:\/\/projekte.uni-erfurt.de\/ddr-kino\/#website\",\"url\":\"https:\/\/projekte.uni-erfurt.de\/ddr-kino\/\",\"name\":\"Kino in der DDR\",\"description\":\"Ein b\u00fcrgerwissenschaftliches Forschungsprojekt\",\"publisher\":{\"@id\":\"https:\/\/projekte.uni-erfurt.de\/ddr-kino\/#organization\"},\"potentialAction\":[{\"@type\":\"SearchAction\",\"target\":{\"@type\":\"EntryPoint\",\"urlTemplate\":\"https:\/\/projekte.uni-erfurt.de\/ddr-kino\/?s={search_term_string}\"},\"query-input\":\"required name=search_term_string\"}],\"inLanguage\":\"de\"},{\"@type\":\"Organization\",\"@id\":\"https:\/\/projekte.uni-erfurt.de\/ddr-kino\/#organization\",\"name\":\"Kino in der DDR\",\"url\":\"https:\/\/projekte.uni-erfurt.de\/ddr-kino\/\",\"logo\":{\"@type\":\"ImageObject\",\"inLanguage\":\"de\",\"@id\":\"https:\/\/projekte.uni-erfurt.de\/ddr-kino\/#\/schema\/logo\/image\/\",\"url\":\"https:\/\/projekte.uni-erfurt.de\/ddr-kino\/wp-content\/uploads\/2019\/08\/Kino_in_der_DDR_Logo-1-e1566923823474.png\",\"contentUrl\":\"https:\/\/projekte.uni-erfurt.de\/ddr-kino\/wp-content\/uploads\/2019\/08\/Kino_in_der_DDR_Logo-1-e1566923823474.png\",\"width\":200,\"height\":90,\"caption\":\"Kino in der DDR\"},\"image\":{\"@id\":\"https:\/\/projekte.uni-erfurt.de\/ddr-kino\/#\/schema\/logo\/image\/\"},\"sameAs\":[\"https:\/\/www.facebook.com\/kinoinderddr\/\",\"https:\/\/twitter.com\/kino_ddr\"]},{\"@type\":\"Person\",\"@id\":\"https:\/\/projekte.uni-erfurt.de\/ddr-kino\/#\/schema\/person\/ae834fa903dfecc6f7ddcd753924b92b\",\"name\":\"Redaktion\",\"image\":{\"@type\":\"ImageObject\",\"inLanguage\":\"de\",\"@id\":\"https:\/\/projekte.uni-erfurt.de\/ddr-kino\/#\/schema\/person\/image\/\",\"url\":\"https:\/\/secure.gravatar.com\/avatar\/156bae742da6fe6f2513aec455b0b45f?s=96&d=mm&r=g\",\"contentUrl\":\"https:\/\/secure.gravatar.com\/avatar\/156bae742da6fe6f2513aec455b0b45f?s=96&d=mm&r=g\",\"caption\":\"Redaktion\"},\"url\":\"https:\/\/projekte.uni-erfurt.de\/ddr-kino\/author\/redaktion\/\"}]}<\/script>\n<!-- \/ Yoast SEO plugin. -->","yoast_head_json":{"title":"\"Kino in der DDR\" im Interview mit Radio F.R.E.I. - Kino in der DDR","description":"\"Kino in der DDR\" im Interview mit Radio F.R.E.I. - Kino in der DDR","robots":{"index":"index","follow":"follow","max-snippet":"max-snippet:-1","max-image-preview":"max-image-preview:large","max-video-preview":"max-video-preview:-1"},"canonical":"https:\/\/projekte.uni-erfurt.de\/ddr-kino\/kino-in-der-ddr-im-gespraech-mit-radio-frei\/","og_locale":"de_DE","og_type":"article","og_title":"\"Kino in der DDR\" im Interview mit Radio F.R.E.I. - Kino in der DDR","og_description":"\"Kino in der DDR\" im Interview mit Radio F.R.E.I. - Kino in der DDR","og_url":"https:\/\/projekte.uni-erfurt.de\/ddr-kino\/kino-in-der-ddr-im-gespraech-mit-radio-frei\/","og_site_name":"Kino in der DDR","article_publisher":"https:\/\/www.facebook.com\/kinoinderddr\/","article_published_time":"2021-06-11T08:16:33+00:00","article_modified_time":"2021-06-11T08:20:25+00:00","og_image":[{"width":874,"height":620,"url":"https:\/\/projekte.uni-erfurt.de\/ddr-kino\/wp-content\/uploads\/2021\/06\/Interview_Radio_FREI.jpg","type":"image\/jpeg"}],"author":"Redaktion","twitter_card":"summary_large_image","twitter_creator":"@kino_ddr","twitter_site":"@kino_ddr","twitter_misc":{"Verfasst von":"Redaktion","Gesch\u00e4tzte Lesezeit":"3\u00a0Minuten"},"schema":{"@context":"https:\/\/schema.org","@graph":[{"@type":"Article","@id":"https:\/\/projekte.uni-erfurt.de\/ddr-kino\/kino-in-der-ddr-im-gespraech-mit-radio-frei\/#article","isPartOf":{"@id":"https:\/\/projekte.uni-erfurt.de\/ddr-kino\/kino-in-der-ddr-im-gespraech-mit-radio-frei\/"},"author":{"name":"Redaktion","@id":"https:\/\/projekte.uni-erfurt.de\/ddr-kino\/#\/schema\/person\/ae834fa903dfecc6f7ddcd753924b92b"},"headline":"&#8220;Kino in der DDR&#8221; im Interview mit Radio F.R.E.I.","datePublished":"2021-06-11T08:16:33+00:00","dateModified":"2021-06-11T08:20:25+00:00","mainEntityOfPage":{"@id":"https:\/\/projekte.uni-erfurt.de\/ddr-kino\/kino-in-der-ddr-im-gespraech-mit-radio-frei\/"},"wordCount":1577,"commentCount":0,"publisher":{"@id":"https:\/\/projekte.uni-erfurt.de\/ddr-kino\/#organization"},"inLanguage":"de","potentialAction":[{"@type":"CommentAction","name":"Comment","target":["https:\/\/projekte.uni-erfurt.de\/ddr-kino\/kino-in-der-ddr-im-gespraech-mit-radio-frei\/#respond"]}]},{"@type":"WebPage","@id":"https:\/\/projekte.uni-erfurt.de\/ddr-kino\/kino-in-der-ddr-im-gespraech-mit-radio-frei\/","url":"https:\/\/projekte.uni-erfurt.de\/ddr-kino\/kino-in-der-ddr-im-gespraech-mit-radio-frei\/","name":"\"Kino in der DDR\" im Interview mit Radio F.R.E.I. - Kino in der DDR","isPartOf":{"@id":"https:\/\/projekte.uni-erfurt.de\/ddr-kino\/#website"},"datePublished":"2021-06-11T08:16:33+00:00","dateModified":"2021-06-11T08:20:25+00:00","description":"\"Kino in der DDR\" im Interview mit Radio F.R.E.I. - Kino in der DDR","breadcrumb":{"@id":"https:\/\/projekte.uni-erfurt.de\/ddr-kino\/kino-in-der-ddr-im-gespraech-mit-radio-frei\/#breadcrumb"},"inLanguage":"de","potentialAction":[{"@type":"ReadAction","target":["https:\/\/projekte.uni-erfurt.de\/ddr-kino\/kino-in-der-ddr-im-gespraech-mit-radio-frei\/"]}]},{"@type":"BreadcrumbList","@id":"https:\/\/projekte.uni-erfurt.de\/ddr-kino\/kino-in-der-ddr-im-gespraech-mit-radio-frei\/#breadcrumb","itemListElement":[{"@type":"ListItem","position":1,"name":"Startseite","item":"https:\/\/projekte.uni-erfurt.de\/ddr-kino\/"},{"@type":"ListItem","position":2,"name":"&#8220;Kino in der DDR&#8221; im Interview mit Radio F.R.E.I."}]},{"@type":"WebSite","@id":"https:\/\/projekte.uni-erfurt.de\/ddr-kino\/#website","url":"https:\/\/projekte.uni-erfurt.de\/ddr-kino\/","name":"Kino in der DDR","description":"Ein b\u00fcrgerwissenschaftliches Forschungsprojekt","publisher":{"@id":"https:\/\/projekte.uni-erfurt.de\/ddr-kino\/#organization"},"potentialAction":[{"@type":"SearchAction","target":{"@type":"EntryPoint","urlTemplate":"https:\/\/projekte.uni-erfurt.de\/ddr-kino\/?s={search_term_string}"},"query-input":"required name=search_term_string"}],"inLanguage":"de"},{"@type":"Organization","@id":"https:\/\/projekte.uni-erfurt.de\/ddr-kino\/#organization","name":"Kino in der DDR","url":"https:\/\/projekte.uni-erfurt.de\/ddr-kino\/","logo":{"@type":"ImageObject","inLanguage":"de","@id":"https:\/\/projekte.uni-erfurt.de\/ddr-kino\/#\/schema\/logo\/image\/","url":"https:\/\/projekte.uni-erfurt.de\/ddr-kino\/wp-content\/uploads\/2019\/08\/Kino_in_der_DDR_Logo-1-e1566923823474.png","contentUrl":"https:\/\/projekte.uni-erfurt.de\/ddr-kino\/wp-content\/uploads\/2019\/08\/Kino_in_der_DDR_Logo-1-e1566923823474.png","width":200,"height":90,"caption":"Kino in der DDR"},"image":{"@id":"https:\/\/projekte.uni-erfurt.de\/ddr-kino\/#\/schema\/logo\/image\/"},"sameAs":["https:\/\/www.facebook.com\/kinoinderddr\/","https:\/\/twitter.com\/kino_ddr"]},{"@type":"Person","@id":"https:\/\/projekte.uni-erfurt.de\/ddr-kino\/#\/schema\/person\/ae834fa903dfecc6f7ddcd753924b92b","name":"Redaktion","image":{"@type":"ImageObject","inLanguage":"de","@id":"https:\/\/projekte.uni-erfurt.de\/ddr-kino\/#\/schema\/person\/image\/","url":"https:\/\/secure.gravatar.com\/avatar\/156bae742da6fe6f2513aec455b0b45f?s=96&d=mm&r=g","contentUrl":"https:\/\/secure.gravatar.com\/avatar\/156bae742da6fe6f2513aec455b0b45f?s=96&d=mm&r=g","caption":"Redaktion"},"url":"https:\/\/projekte.uni-erfurt.de\/ddr-kino\/author\/redaktion\/"}]}},"_links":{"self":[{"href":"https:\/\/projekte.uni-erfurt.de\/ddr-kino\/wp-json\/wp\/v2\/posts\/1253"}],"collection":[{"href":"https:\/\/projekte.uni-erfurt.de\/ddr-kino\/wp-json\/wp\/v2\/posts"}],"about":[{"href":"https:\/\/projekte.uni-erfurt.de\/ddr-kino\/wp-json\/wp\/v2\/types\/post"}],"author":[{"embeddable":true,"href":"https:\/\/projekte.uni-erfurt.de\/ddr-kino\/wp-json\/wp\/v2\/users\/7"}],"replies":[{"embeddable":true,"href":"https:\/\/projekte.uni-erfurt.de\/ddr-kino\/wp-json\/wp\/v2\/comments?post=1253"}],"version-history":[{"count":15,"href":"https:\/\/projekte.uni-erfurt.de\/ddr-kino\/wp-json\/wp\/v2\/posts\/1253\/revisions"}],"predecessor-version":[{"id":1268,"href":"https:\/\/projekte.uni-erfurt.de\/ddr-kino\/wp-json\/wp\/v2\/posts\/1253\/revisions\/1268"}],"wp:featuredmedia":[{"embeddable":true,"href":"https:\/\/projekte.uni-erfurt.de\/ddr-kino\/wp-json\/wp\/v2\/media\/1252"}],"wp:attachment":[{"href":"https:\/\/projekte.uni-erfurt.de\/ddr-kino\/wp-json\/wp\/v2\/media?parent=1253"}],"wp:term":[{"taxonomy":"category","embeddable":true,"href":"https:\/\/projekte.uni-erfurt.de\/ddr-kino\/wp-json\/wp\/v2\/categories?post=1253"},{"taxonomy":"post_tag","embeddable":true,"href":"https:\/\/projekte.uni-erfurt.de\/ddr-kino\/wp-json\/wp\/v2\/tags?post=1253"}],"curies":[{"name":"wp","href":"https:\/\/api.w.org\/{rel}","templated":true}]}}