{"id":1763,"date":"2022-08-21T16:39:41","date_gmt":"2022-08-21T14:39:41","guid":{"rendered":"https:\/\/projekte.uni-erfurt.de\/ddr-kino\/?p=1763"},"modified":"2023-04-28T10:31:23","modified_gmt":"2023-04-28T08:31:23","slug":"trauer-um-ralf-schenk-langjaehriger-vorstand-der-defa-stiftung-gestorben","status":"publish","type":"post","link":"https:\/\/projekte.uni-erfurt.de\/ddr-kino\/trauer-um-ralf-schenk-langjaehriger-vorstand-der-defa-stiftung-gestorben\/","title":{"rendered":"Trauer um Ralf Schenk: Langj\u00e4hriger Vorstand der DEFA-Stiftung gestorben"},"content":{"rendered":"<p><div class=\"fusion-fullwidth fullwidth-box fusion-builder-row-1 nonhundred-percent-fullwidth non-hundred-percent-height-scrolling\" style=\"background-color: rgba(255,255,255,0);background-position: center center;background-repeat: no-repeat;padding-top:0px;padding-right:0px;padding-bottom:0px;padding-left:0px;margin-bottom: 0px;margin-top: 0px;border-width: 0px 0px 0px 0px;border-color:#eae9e9;border-style:solid;\" ><div class=\"fusion-builder-row fusion-row\"><div class=\"fusion-layout-column fusion_builder_column fusion-builder-column-0 fusion_builder_column_1_1 1_1 fusion-one-full fusion-column-first fusion-column-last\" style=\"margin-top:0px;margin-bottom:20px;\"><div class=\"fusion-column-wrapper fusion-flex-column-wrapper-legacy\" style=\"background-position:left top;background-blend-mode: overlay;background-repeat:no-repeat;-webkit-background-size:cover;-moz-background-size:cover;-o-background-size:cover;background-size:cover;padding: 0px 0px 0px 0px;\"><div class=\"fusion-text fusion-text-1\"><p>Das Projektteam von &#8220;Kino in der DDR&#8221; trauert um Ralf Schenk. Laut einer <a href=\"https:\/\/www.defa-stiftung.de\/stiftung\/aktuelles\/meldung\/wir-trauern-um-ralf-schenk\/\" target=\"_blank\" rel=\"noopener noreferrer\">Mitteilung der DEFA-Stiftung<\/a>, deren Vorstand Schenk von 2012 bis 2020 war, verstarb der Filmjournalist und -publizist nach kurzer, schwerer Krankheit am vergangenen Mittwoch, den 17. August 2022, im Alter von 66 Jahren.<\/p>\n<p>Ralf Schenk wurde 1956 im th\u00fcringischen Arnstadt geboren. Er studierte von 1975 bis 1979 an der Universit\u00e4t Leipzig Journalistik und schrieb bereits zu dieser Zeit seine ersten Filmkritiken. Im Anschluss an sein Studium war Schenk jahrzehntelang als Redakteur f\u00fcr zahlreiche Filmzeitschriften t\u00e4tig und an der Produktion mehrerer TV-Dokumentationen f\u00fcr den \u00f6ffentlich-rechtlichen Rundfunk beteiligt. Ein besonderes Interesse entwickelte Schenk vor allem f\u00fcr Filmproduktionen aus Osteuropa und der DDR.<\/p>\n<p>Nach der Wiedervereinigung widmete sich Schenk der Aufarbeitung der DEFA-Geschichte. Die Ergebnisse seiner Arbeit sind in den von ihm mitherausgegebenen B\u00e4nden &#8220;Das zweite Leben der Filmstadt Babelsberg&#8221;, &#8220;Schwarzwei\u00df und Farbe&#8221; sowie &#8220;Die Trick-Fabrik&#8221; nachzulesen, die bis heute zu den Standardwerken der DDR-Filmgeschichte z\u00e4hlen.<\/p>\n<p>Von 2012 bis 2020 war Schenk als Vorstand der DEFA-Stiftung t\u00e4tig. W\u00e4hrend dieser Zeit setzte er seine Forschungen rund um das DEFA-Filmerbe fort. Unter seiner Mitherausgeberschaft erschienen in der Schriftenreihe der DEFA-Stiftung unter anderem die B\u00fccher &#8220;Verbotene Utopie. Die SED, die DEFA und das 11. Plenum&#8221; sowie &#8220;Sie. Regisseurinnen der DEFA und ihre Filme&#8221;. Ihm ist es auch zu verdanken, dass verbotene und verschollen geglaubte DEFA-Filme wie &#8220;Die Sch\u00f6nste&#8221;, &#8220;H\u00e4nde hoch oder ich schie\u00dfe&#8221;, &#8220;Sommerwege&#8221; und &#8220;Fr\u00e4ulein Schmetterling&#8221; rekonstruiert und wiederaufgef\u00fchrt werden konnten.<\/p>\n<p>Aufgrund seines Schaffens wurde Schenk 2011 von der Filmuniversit\u00e4t Babelsberg zum Ehrendoktor ernannt und erhielt 2020 das Bundesverdienstkreuz am Bande. Ralf Schenk war bis kurz vor seinem Tod filmpublizistisch t\u00e4tig. Erst im Fr\u00fchjahr 2022 erschien das von ihm mithausgegebene Buch &#8220;Publikumspiraten. Das Genrekino der DEFA und seine Regisseure (1946-90)&#8221;.<\/p>\n<p>Ralf Schenk war wegen seines umfassenden filmgeschichtlichen Wissens ein gefragter Ratgeber. In seiner Funktion als Vorstand der DEFA-Stiftung stand er auch dem Forscherteam von &#8220;Kino in der DDR&#8221; als interessierter Ansprechpartner zur Verf\u00fcgung und hat mit seinen Ratschl\u00e4gen wesentliche Impulse f\u00fcr den Fortgang des Projektes gesetzt. Wir werden Ralf Schenk als ideenreichen, fachkundigen und empathischen Menschen in Erinnerung behalten. Unser tiefes Mitgef\u00fchl gilt seiner Familie.<\/p>\n<p><a href=\"https:\/\/www.defa-stiftung.de\/stiftung\/aktuelles\/meldung\/wir-trauern-um-ralf-schenk\/\" target=\"_blank\" rel=\"noopener noreferrer\">Zur Pressemeldung der DEFA-Stiftung &gt;&gt;&gt;<\/a><\/p>\n<\/div><div class=\"fusion-clearfix\"><\/div><\/div><\/div><\/div><\/div><div class=\"fusion-fullwidth fullwidth-box fusion-builder-row-2 fusion-flex-container nonhundred-percent-fullwidth non-hundred-percent-height-scrolling\" style=\"background-color: rgba(255,255,255,0);background-position: center center;background-repeat: no-repeat;border-width: 0px 0px 0px 0px;border-color:#eae9e9;border-style:solid;\" ><div class=\"fusion-builder-row fusion-row fusion-flex-align-items-flex-start\" style=\"max-width:1248px;margin-left: calc(-4% \/ 2 );margin-right: calc(-4% \/ 2 );\"><div class=\"fusion-layout-column fusion_builder_column fusion-builder-column-1 fusion_builder_column_1_1 1_1 fusion-flex-column\"><div class=\"fusion-column-wrapper fusion-flex-justify-content-flex-start fusion-content-layout-column\" style=\"background-position:left top;background-blend-mode: overlay;background-repeat:no-repeat;-webkit-background-size:cover;-moz-background-size:cover;-o-background-size:cover;background-size:cover;padding: 0px 0px 0px 0px;\"><div class=\"fusion-text fusion-text-2\"><p><a name=\"_Hlk95264563\"><\/a><\/p>\n<\/div><\/div><style type=\"text\/css\">.fusion-body .fusion-builder-column-1{width:100% !important;margin-top : 0px;margin-bottom : 0px;}.fusion-builder-column-1 > .fusion-column-wrapper {padding-top : 0px !important;padding-right : 0px !important;margin-right : 1.92%;padding-bottom : 0px !important;padding-left : 0px !important;margin-left : 1.92%;}@media only screen and (max-width:1024px) {.fusion-body .fusion-builder-column-1{width:100% !important;}.fusion-builder-column-1 > .fusion-column-wrapper {margin-right : 1.92%;margin-left : 1.92%;}}@media only screen and (max-width:640px) {.fusion-body .fusion-builder-column-1{width:100% !important;}.fusion-builder-column-1 > .fusion-column-wrapper {margin-right : 1.92%;margin-left : 1.92%;}}<\/style><\/div><\/div><style type=\"text\/css\">.fusion-body .fusion-flex-container.fusion-builder-row-2{ padding-top : 0px;margin-top : 0px;padding-right : 0px;padding-bottom : 0px;margin-bottom : 0px;padding-left : 0px;}<\/style><\/div><\/p>\n","protected":false},"excerpt":{"rendered":"","protected":false},"author":2,"featured_media":1772,"comment_status":"open","ping_status":"open","sticky":false,"template":"","format":"standard","meta":{"footnotes":""},"categories":[1],"tags":[],"yoast_head":"<!-- This site is optimized with the Yoast SEO plugin v21.7 - https:\/\/yoast.com\/wordpress\/plugins\/seo\/ -->\n<title>Trauer um Ralf Schenk: Langj\u00e4hriger Vorstand der DEFA-Stiftung gestorben - Kino in der DDR<\/title>\n<meta name=\"description\" content=\"Trauer um Ralf Schenk: Langj\u00e4hriger Vorstand der DEFA-Stiftung gestorben - Kino in der DDR\" \/>\n<meta name=\"robots\" content=\"index, follow, max-snippet:-1, max-image-preview:large, max-video-preview:-1\" \/>\n<link rel=\"canonical\" href=\"https:\/\/projekte.uni-erfurt.de\/ddr-kino\/trauer-um-ralf-schenk-langjaehriger-vorstand-der-defa-stiftung-gestorben\/\" \/>\n<meta property=\"og:locale\" content=\"de_DE\" \/>\n<meta property=\"og:type\" content=\"article\" \/>\n<meta property=\"og:title\" content=\"Trauer um Ralf Schenk: Langj\u00e4hriger Vorstand der DEFA-Stiftung gestorben - Kino in der DDR\" \/>\n<meta property=\"og:description\" content=\"Trauer um Ralf Schenk: Langj\u00e4hriger Vorstand der DEFA-Stiftung gestorben - Kino in der DDR\" \/>\n<meta property=\"og:url\" content=\"https:\/\/projekte.uni-erfurt.de\/ddr-kino\/trauer-um-ralf-schenk-langjaehriger-vorstand-der-defa-stiftung-gestorben\/\" \/>\n<meta property=\"og:site_name\" content=\"Kino in der DDR\" \/>\n<meta property=\"article:publisher\" content=\"https:\/\/www.facebook.com\/kinoinderddr\/\" \/>\n<meta property=\"article:published_time\" content=\"2022-08-21T14:39:41+00:00\" \/>\n<meta property=\"article:modified_time\" content=\"2023-04-28T08:31:23+00:00\" \/>\n<meta property=\"og:image\" content=\"https:\/\/projekte.uni-erfurt.de\/ddr-kino\/wp-content\/uploads\/2022\/08\/schenk_foto_c_defa.jpg\" \/>\n\t<meta property=\"og:image:width\" content=\"874\" \/>\n\t<meta property=\"og:image:height\" content=\"620\" \/>\n\t<meta property=\"og:image:type\" content=\"image\/jpeg\" \/>\n<meta name=\"author\" content=\"Marcus Plaul\" \/>\n<meta name=\"twitter:card\" content=\"summary_large_image\" \/>\n<meta name=\"twitter:creator\" content=\"@kino_ddr\" \/>\n<meta name=\"twitter:site\" content=\"@kino_ddr\" \/>\n<meta name=\"twitter:label1\" content=\"Verfasst von\" \/>\n\t<meta name=\"twitter:data1\" content=\"Marcus Plaul\" \/>\n\t<meta name=\"twitter:label2\" content=\"Gesch\u00e4tzte Lesezeit\" \/>\n\t<meta name=\"twitter:data2\" content=\"3\u00a0Minuten\" \/>\n<script type=\"application\/ld+json\" class=\"yoast-schema-graph\">{\"@context\":\"https:\/\/schema.org\",\"@graph\":[{\"@type\":\"Article\",\"@id\":\"https:\/\/projekte.uni-erfurt.de\/ddr-kino\/trauer-um-ralf-schenk-langjaehriger-vorstand-der-defa-stiftung-gestorben\/#article\",\"isPartOf\":{\"@id\":\"https:\/\/projekte.uni-erfurt.de\/ddr-kino\/trauer-um-ralf-schenk-langjaehriger-vorstand-der-defa-stiftung-gestorben\/\"},\"author\":{\"name\":\"Marcus Plaul\",\"@id\":\"https:\/\/projekte.uni-erfurt.de\/ddr-kino\/#\/schema\/person\/2d53d6af2db5aa63d961a9bea3a71d2a\"},\"headline\":\"Trauer um Ralf Schenk: Langj\u00e4hriger Vorstand der DEFA-Stiftung gestorben\",\"datePublished\":\"2022-08-21T14:39:41+00:00\",\"dateModified\":\"2023-04-28T08:31:23+00:00\",\"mainEntityOfPage\":{\"@id\":\"https:\/\/projekte.uni-erfurt.de\/ddr-kino\/trauer-um-ralf-schenk-langjaehriger-vorstand-der-defa-stiftung-gestorben\/\"},\"wordCount\":717,\"commentCount\":0,\"publisher\":{\"@id\":\"https:\/\/projekte.uni-erfurt.de\/ddr-kino\/#organization\"},\"inLanguage\":\"de\",\"potentialAction\":[{\"@type\":\"CommentAction\",\"name\":\"Comment\",\"target\":[\"https:\/\/projekte.uni-erfurt.de\/ddr-kino\/trauer-um-ralf-schenk-langjaehriger-vorstand-der-defa-stiftung-gestorben\/#respond\"]}]},{\"@type\":\"WebPage\",\"@id\":\"https:\/\/projekte.uni-erfurt.de\/ddr-kino\/trauer-um-ralf-schenk-langjaehriger-vorstand-der-defa-stiftung-gestorben\/\",\"url\":\"https:\/\/projekte.uni-erfurt.de\/ddr-kino\/trauer-um-ralf-schenk-langjaehriger-vorstand-der-defa-stiftung-gestorben\/\",\"name\":\"Trauer um Ralf Schenk: Langj\u00e4hriger Vorstand der DEFA-Stiftung gestorben - Kino in der DDR\",\"isPartOf\":{\"@id\":\"https:\/\/projekte.uni-erfurt.de\/ddr-kino\/#website\"},\"datePublished\":\"2022-08-21T14:39:41+00:00\",\"dateModified\":\"2023-04-28T08:31:23+00:00\",\"description\":\"Trauer um Ralf Schenk: Langj\u00e4hriger Vorstand der DEFA-Stiftung gestorben - Kino in der DDR\",\"breadcrumb\":{\"@id\":\"https:\/\/projekte.uni-erfurt.de\/ddr-kino\/trauer-um-ralf-schenk-langjaehriger-vorstand-der-defa-stiftung-gestorben\/#breadcrumb\"},\"inLanguage\":\"de\",\"potentialAction\":[{\"@type\":\"ReadAction\",\"target\":[\"https:\/\/projekte.uni-erfurt.de\/ddr-kino\/trauer-um-ralf-schenk-langjaehriger-vorstand-der-defa-stiftung-gestorben\/\"]}]},{\"@type\":\"BreadcrumbList\",\"@id\":\"https:\/\/projekte.uni-erfurt.de\/ddr-kino\/trauer-um-ralf-schenk-langjaehriger-vorstand-der-defa-stiftung-gestorben\/#breadcrumb\",\"itemListElement\":[{\"@type\":\"ListItem\",\"position\":1,\"name\":\"Startseite\",\"item\":\"https:\/\/projekte.uni-erfurt.de\/ddr-kino\/\"},{\"@type\":\"ListItem\",\"position\":2,\"name\":\"Trauer um Ralf Schenk: Langj\u00e4hriger Vorstand der DEFA-Stiftung gestorben\"}]},{\"@type\":\"WebSite\",\"@id\":\"https:\/\/projekte.uni-erfurt.de\/ddr-kino\/#website\",\"url\":\"https:\/\/projekte.uni-erfurt.de\/ddr-kino\/\",\"name\":\"Kino in der DDR\",\"description\":\"Ein b\u00fcrgerwissenschaftliches Forschungsprojekt\",\"publisher\":{\"@id\":\"https:\/\/projekte.uni-erfurt.de\/ddr-kino\/#organization\"},\"potentialAction\":[{\"@type\":\"SearchAction\",\"target\":{\"@type\":\"EntryPoint\",\"urlTemplate\":\"https:\/\/projekte.uni-erfurt.de\/ddr-kino\/?s={search_term_string}\"},\"query-input\":\"required name=search_term_string\"}],\"inLanguage\":\"de\"},{\"@type\":\"Organization\",\"@id\":\"https:\/\/projekte.uni-erfurt.de\/ddr-kino\/#organization\",\"name\":\"Kino in der DDR\",\"url\":\"https:\/\/projekte.uni-erfurt.de\/ddr-kino\/\",\"logo\":{\"@type\":\"ImageObject\",\"inLanguage\":\"de\",\"@id\":\"https:\/\/projekte.uni-erfurt.de\/ddr-kino\/#\/schema\/logo\/image\/\",\"url\":\"https:\/\/projekte.uni-erfurt.de\/ddr-kino\/wp-content\/uploads\/2019\/08\/Kino_in_der_DDR_Logo-1-e1566923823474.png\",\"contentUrl\":\"https:\/\/projekte.uni-erfurt.de\/ddr-kino\/wp-content\/uploads\/2019\/08\/Kino_in_der_DDR_Logo-1-e1566923823474.png\",\"width\":200,\"height\":90,\"caption\":\"Kino in der DDR\"},\"image\":{\"@id\":\"https:\/\/projekte.uni-erfurt.de\/ddr-kino\/#\/schema\/logo\/image\/\"},\"sameAs\":[\"https:\/\/www.facebook.com\/kinoinderddr\/\",\"https:\/\/twitter.com\/kino_ddr\"]},{\"@type\":\"Person\",\"@id\":\"https:\/\/projekte.uni-erfurt.de\/ddr-kino\/#\/schema\/person\/2d53d6af2db5aa63d961a9bea3a71d2a\",\"name\":\"Marcus Plaul\",\"image\":{\"@type\":\"ImageObject\",\"inLanguage\":\"de\",\"@id\":\"https:\/\/projekte.uni-erfurt.de\/ddr-kino\/#\/schema\/person\/image\/\",\"url\":\"https:\/\/secure.gravatar.com\/avatar\/592abf145c7aa234ced8786fc42b9d55?s=96&d=mm&r=g\",\"contentUrl\":\"https:\/\/secure.gravatar.com\/avatar\/592abf145c7aa234ced8786fc42b9d55?s=96&d=mm&r=g\",\"caption\":\"Marcus Plaul\"},\"url\":\"https:\/\/projekte.uni-erfurt.de\/ddr-kino\/author\/plaul\/\"}]}<\/script>\n<!-- \/ Yoast SEO plugin. -->","yoast_head_json":{"title":"Trauer um Ralf Schenk: Langj\u00e4hriger Vorstand der DEFA-Stiftung gestorben - Kino in der DDR","description":"Trauer um Ralf Schenk: Langj\u00e4hriger Vorstand der DEFA-Stiftung gestorben - Kino in der DDR","robots":{"index":"index","follow":"follow","max-snippet":"max-snippet:-1","max-image-preview":"max-image-preview:large","max-video-preview":"max-video-preview:-1"},"canonical":"https:\/\/projekte.uni-erfurt.de\/ddr-kino\/trauer-um-ralf-schenk-langjaehriger-vorstand-der-defa-stiftung-gestorben\/","og_locale":"de_DE","og_type":"article","og_title":"Trauer um Ralf Schenk: Langj\u00e4hriger Vorstand der DEFA-Stiftung gestorben - Kino in der DDR","og_description":"Trauer um Ralf Schenk: Langj\u00e4hriger Vorstand der DEFA-Stiftung gestorben - Kino in der DDR","og_url":"https:\/\/projekte.uni-erfurt.de\/ddr-kino\/trauer-um-ralf-schenk-langjaehriger-vorstand-der-defa-stiftung-gestorben\/","og_site_name":"Kino in der DDR","article_publisher":"https:\/\/www.facebook.com\/kinoinderddr\/","article_published_time":"2022-08-21T14:39:41+00:00","article_modified_time":"2023-04-28T08:31:23+00:00","og_image":[{"width":874,"height":620,"url":"https:\/\/projekte.uni-erfurt.de\/ddr-kino\/wp-content\/uploads\/2022\/08\/schenk_foto_c_defa.jpg","type":"image\/jpeg"}],"author":"Marcus Plaul","twitter_card":"summary_large_image","twitter_creator":"@kino_ddr","twitter_site":"@kino_ddr","twitter_misc":{"Verfasst von":"Marcus Plaul","Gesch\u00e4tzte Lesezeit":"3\u00a0Minuten"},"schema":{"@context":"https:\/\/schema.org","@graph":[{"@type":"Article","@id":"https:\/\/projekte.uni-erfurt.de\/ddr-kino\/trauer-um-ralf-schenk-langjaehriger-vorstand-der-defa-stiftung-gestorben\/#article","isPartOf":{"@id":"https:\/\/projekte.uni-erfurt.de\/ddr-kino\/trauer-um-ralf-schenk-langjaehriger-vorstand-der-defa-stiftung-gestorben\/"},"author":{"name":"Marcus Plaul","@id":"https:\/\/projekte.uni-erfurt.de\/ddr-kino\/#\/schema\/person\/2d53d6af2db5aa63d961a9bea3a71d2a"},"headline":"Trauer um Ralf Schenk: Langj\u00e4hriger Vorstand der DEFA-Stiftung gestorben","datePublished":"2022-08-21T14:39:41+00:00","dateModified":"2023-04-28T08:31:23+00:00","mainEntityOfPage":{"@id":"https:\/\/projekte.uni-erfurt.de\/ddr-kino\/trauer-um-ralf-schenk-langjaehriger-vorstand-der-defa-stiftung-gestorben\/"},"wordCount":717,"commentCount":0,"publisher":{"@id":"https:\/\/projekte.uni-erfurt.de\/ddr-kino\/#organization"},"inLanguage":"de","potentialAction":[{"@type":"CommentAction","name":"Comment","target":["https:\/\/projekte.uni-erfurt.de\/ddr-kino\/trauer-um-ralf-schenk-langjaehriger-vorstand-der-defa-stiftung-gestorben\/#respond"]}]},{"@type":"WebPage","@id":"https:\/\/projekte.uni-erfurt.de\/ddr-kino\/trauer-um-ralf-schenk-langjaehriger-vorstand-der-defa-stiftung-gestorben\/","url":"https:\/\/projekte.uni-erfurt.de\/ddr-kino\/trauer-um-ralf-schenk-langjaehriger-vorstand-der-defa-stiftung-gestorben\/","name":"Trauer um Ralf Schenk: Langj\u00e4hriger Vorstand der DEFA-Stiftung gestorben - Kino in der DDR","isPartOf":{"@id":"https:\/\/projekte.uni-erfurt.de\/ddr-kino\/#website"},"datePublished":"2022-08-21T14:39:41+00:00","dateModified":"2023-04-28T08:31:23+00:00","description":"Trauer um Ralf Schenk: Langj\u00e4hriger Vorstand der DEFA-Stiftung gestorben - Kino in der DDR","breadcrumb":{"@id":"https:\/\/projekte.uni-erfurt.de\/ddr-kino\/trauer-um-ralf-schenk-langjaehriger-vorstand-der-defa-stiftung-gestorben\/#breadcrumb"},"inLanguage":"de","potentialAction":[{"@type":"ReadAction","target":["https:\/\/projekte.uni-erfurt.de\/ddr-kino\/trauer-um-ralf-schenk-langjaehriger-vorstand-der-defa-stiftung-gestorben\/"]}]},{"@type":"BreadcrumbList","@id":"https:\/\/projekte.uni-erfurt.de\/ddr-kino\/trauer-um-ralf-schenk-langjaehriger-vorstand-der-defa-stiftung-gestorben\/#breadcrumb","itemListElement":[{"@type":"ListItem","position":1,"name":"Startseite","item":"https:\/\/projekte.uni-erfurt.de\/ddr-kino\/"},{"@type":"ListItem","position":2,"name":"Trauer um Ralf Schenk: Langj\u00e4hriger Vorstand der DEFA-Stiftung gestorben"}]},{"@type":"WebSite","@id":"https:\/\/projekte.uni-erfurt.de\/ddr-kino\/#website","url":"https:\/\/projekte.uni-erfurt.de\/ddr-kino\/","name":"Kino in der DDR","description":"Ein b\u00fcrgerwissenschaftliches Forschungsprojekt","publisher":{"@id":"https:\/\/projekte.uni-erfurt.de\/ddr-kino\/#organization"},"potentialAction":[{"@type":"SearchAction","target":{"@type":"EntryPoint","urlTemplate":"https:\/\/projekte.uni-erfurt.de\/ddr-kino\/?s={search_term_string}"},"query-input":"required name=search_term_string"}],"inLanguage":"de"},{"@type":"Organization","@id":"https:\/\/projekte.uni-erfurt.de\/ddr-kino\/#organization","name":"Kino in der DDR","url":"https:\/\/projekte.uni-erfurt.de\/ddr-kino\/","logo":{"@type":"ImageObject","inLanguage":"de","@id":"https:\/\/projekte.uni-erfurt.de\/ddr-kino\/#\/schema\/logo\/image\/","url":"https:\/\/projekte.uni-erfurt.de\/ddr-kino\/wp-content\/uploads\/2019\/08\/Kino_in_der_DDR_Logo-1-e1566923823474.png","contentUrl":"https:\/\/projekte.uni-erfurt.de\/ddr-kino\/wp-content\/uploads\/2019\/08\/Kino_in_der_DDR_Logo-1-e1566923823474.png","width":200,"height":90,"caption":"Kino in der DDR"},"image":{"@id":"https:\/\/projekte.uni-erfurt.de\/ddr-kino\/#\/schema\/logo\/image\/"},"sameAs":["https:\/\/www.facebook.com\/kinoinderddr\/","https:\/\/twitter.com\/kino_ddr"]},{"@type":"Person","@id":"https:\/\/projekte.uni-erfurt.de\/ddr-kino\/#\/schema\/person\/2d53d6af2db5aa63d961a9bea3a71d2a","name":"Marcus Plaul","image":{"@type":"ImageObject","inLanguage":"de","@id":"https:\/\/projekte.uni-erfurt.de\/ddr-kino\/#\/schema\/person\/image\/","url":"https:\/\/secure.gravatar.com\/avatar\/592abf145c7aa234ced8786fc42b9d55?s=96&d=mm&r=g","contentUrl":"https:\/\/secure.gravatar.com\/avatar\/592abf145c7aa234ced8786fc42b9d55?s=96&d=mm&r=g","caption":"Marcus Plaul"},"url":"https:\/\/projekte.uni-erfurt.de\/ddr-kino\/author\/plaul\/"}]}},"_links":{"self":[{"href":"https:\/\/projekte.uni-erfurt.de\/ddr-kino\/wp-json\/wp\/v2\/posts\/1763"}],"collection":[{"href":"https:\/\/projekte.uni-erfurt.de\/ddr-kino\/wp-json\/wp\/v2\/posts"}],"about":[{"href":"https:\/\/projekte.uni-erfurt.de\/ddr-kino\/wp-json\/wp\/v2\/types\/post"}],"author":[{"embeddable":true,"href":"https:\/\/projekte.uni-erfurt.de\/ddr-kino\/wp-json\/wp\/v2\/users\/2"}],"replies":[{"embeddable":true,"href":"https:\/\/projekte.uni-erfurt.de\/ddr-kino\/wp-json\/wp\/v2\/comments?post=1763"}],"version-history":[{"count":8,"href":"https:\/\/projekte.uni-erfurt.de\/ddr-kino\/wp-json\/wp\/v2\/posts\/1763\/revisions"}],"predecessor-version":[{"id":1864,"href":"https:\/\/projekte.uni-erfurt.de\/ddr-kino\/wp-json\/wp\/v2\/posts\/1763\/revisions\/1864"}],"wp:featuredmedia":[{"embeddable":true,"href":"https:\/\/projekte.uni-erfurt.de\/ddr-kino\/wp-json\/wp\/v2\/media\/1772"}],"wp:attachment":[{"href":"https:\/\/projekte.uni-erfurt.de\/ddr-kino\/wp-json\/wp\/v2\/media?parent=1763"}],"wp:term":[{"taxonomy":"category","embeddable":true,"href":"https:\/\/projekte.uni-erfurt.de\/ddr-kino\/wp-json\/wp\/v2\/categories?post=1763"},{"taxonomy":"post_tag","embeddable":true,"href":"https:\/\/projekte.uni-erfurt.de\/ddr-kino\/wp-json\/wp\/v2\/tags?post=1763"}],"curies":[{"name":"wp","href":"https:\/\/api.w.org\/{rel}","templated":true}]}}