{"id":750,"date":"2020-09-21T08:00:40","date_gmt":"2020-09-21T06:00:40","guid":{"rendered":"https:\/\/projekte.uni-erfurt.de\/ddr-kino\/?p=750"},"modified":"2020-09-20T21:26:54","modified_gmt":"2020-09-20T19:26:54","slug":"von-landesgrenzen-und-drehorten-warum-defa-nicht-in-thueringen-drehte","status":"publish","type":"post","link":"https:\/\/projekte.uni-erfurt.de\/ddr-kino\/von-landesgrenzen-und-drehorten-warum-defa-nicht-in-thueringen-drehte\/","title":{"rendered":"Von Landesgrenzen und Drehorten \u2013 oder warum die DEFA eigentlich nicht in Th\u00fcringen drehte"},"content":{"rendered":"<p><div class=\"fusion-fullwidth fullwidth-box fusion-builder-row-1 nonhundred-percent-fullwidth non-hundred-percent-height-scrolling\" style=\"background-color: rgba(255,255,255,0);background-position: center center;background-repeat: no-repeat;padding-top:0px;padding-right:0px;padding-bottom:0px;padding-left:0px;margin-bottom: 0px;margin-top: 0px;border-width: 0px 0px 0px 0px;border-color:#eae9e9;border-style:solid;\" ><div class=\"fusion-builder-row fusion-row\"><div class=\"fusion-layout-column fusion_builder_column fusion-builder-column-0 fusion_builder_column_1_1 1_1 fusion-one-full fusion-column-first fusion-column-last\" style=\"margin-top:0px;margin-bottom:20px;\"><div class=\"fusion-column-wrapper fusion-flex-column-wrapper-legacy\" style=\"background-position:left top;background-repeat:no-repeat;-webkit-background-size:cover;-moz-background-size:cover;-o-background-size:cover;background-size:cover;padding: 0px 0px 0px 0px;\"><div class=\"fusion-text fusion-text-1\"><p><em><span style=\"font-size: 20px;\" data-fusion-font=\"true\">Ein Beitrag aus der Ausstellung &#8220;Drehort Th\u00fcringen: DEFA-Produktionen 1946-1992&#8221;<\/span><\/em><\/p>\n<div id=\"attachment_748\" style=\"width: 295px\" class=\"wp-caption alignleft\"><img fetchpriority=\"high\" decoding=\"async\" aria-describedby=\"caption-attachment-748\" class=\" wp-image-748\" src=\"https:\/\/projekte.uni-erfurt.de\/ddr-kino\/wp-content\/uploads\/2020\/09\/RU_23_M_05486_R_blog.jpg\" alt=\"\" width=\"285\" height=\"403\" srcset=\"https:\/\/projekte.uni-erfurt.de\/ddr-kino\/wp-content\/uploads\/2020\/09\/RU_23_M_05486_R_blog-200x283.jpg 200w, https:\/\/projekte.uni-erfurt.de\/ddr-kino\/wp-content\/uploads\/2020\/09\/RU_23_M_05486_R_blog-212x300.jpg 212w, https:\/\/projekte.uni-erfurt.de\/ddr-kino\/wp-content\/uploads\/2020\/09\/RU_23_M_05486_R_blog-400x566.jpg 400w, https:\/\/projekte.uni-erfurt.de\/ddr-kino\/wp-content\/uploads\/2020\/09\/RU_23_M_05486_R_blog-600x848.jpg 600w, https:\/\/projekte.uni-erfurt.de\/ddr-kino\/wp-content\/uploads\/2020\/09\/RU_23_M_05486_R_blog-724x1024.jpg 724w, https:\/\/projekte.uni-erfurt.de\/ddr-kino\/wp-content\/uploads\/2020\/09\/RU_23_M_05486_R_blog.jpg 732w\" sizes=\"(max-width: 285px) 100vw, 285px\" \/><p id=\"caption-attachment-748\" class=\"wp-caption-text\">Weimar \u2013 mehr als nur die St\u00e4tte der Klassik. Bildnachweis: \u00a9DEFA-Stiftung\/Dieter Jaeger<\/p><\/div>\n<p style=\"font-size: 20px; line-height: 30px;\" data-fusion-font=\"true\">In Folge des 1. Weltkrieges und der Abdankung der F\u00fcrstent\u00fcmer wurde am 1.\u2009Mai 1920 das Land Th\u00fcringen gegr\u00fcndet. Nach dem Ende des 2.\u2009Weltkrieges war das Gebiet zun\u00e4chst Teil der Sowjetisch-besetzten-Zone (SBZ), 1946 bekam das Land eine Verfassung und war ab 1949 Teil der neugegr\u00fcndeten DDR.<\/p>\n<p style=\"font-size: 20px; line-height: 30px;\" data-fusion-font=\"true\">Im Zuge der Verwaltungsreform 1952 wurde das ehemalige Bundesland in die drei Verwaltungsbezirke Erfurt, Gera und Suhl aufgeteilt, wobei es einige Grenz\u00e4nderungen zu den Nachbarbezirken gab. Die alten Landesgrenzen wurden in Folge der Neuordnung der Bundesl\u00e4nder im Jahr 1993 wieder eingef\u00fchrt.<\/p>\n<div id=\"attachment_746\" style=\"width: 371px\" class=\"wp-caption alignright\"><img decoding=\"async\" aria-describedby=\"caption-attachment-746\" class=\" wp-image-746\" src=\"https:\/\/projekte.uni-erfurt.de\/ddr-kino\/wp-content\/uploads\/2020\/09\/RU_23_Delmare_blog.jpg\" alt=\"\" width=\"361\" height=\"188\" srcset=\"https:\/\/projekte.uni-erfurt.de\/ddr-kino\/wp-content\/uploads\/2020\/09\/RU_23_Delmare_blog-200x104.jpg 200w, https:\/\/projekte.uni-erfurt.de\/ddr-kino\/wp-content\/uploads\/2020\/09\/RU_23_Delmare_blog-300x156.jpg 300w, https:\/\/projekte.uni-erfurt.de\/ddr-kino\/wp-content\/uploads\/2020\/09\/RU_23_Delmare_blog-400x208.jpg 400w, https:\/\/projekte.uni-erfurt.de\/ddr-kino\/wp-content\/uploads\/2020\/09\/RU_23_Delmare_blog-600x313.jpg 600w, https:\/\/projekte.uni-erfurt.de\/ddr-kino\/wp-content\/uploads\/2020\/09\/RU_23_Delmare_blog-768x400.jpg 768w, https:\/\/projekte.uni-erfurt.de\/ddr-kino\/wp-content\/uploads\/2020\/09\/RU_23_Delmare_blog-800x417.jpg 800w, https:\/\/projekte.uni-erfurt.de\/ddr-kino\/wp-content\/uploads\/2020\/09\/RU_23_Delmare_blog-1024x533.jpg 1024w, https:\/\/projekte.uni-erfurt.de\/ddr-kino\/wp-content\/uploads\/2020\/09\/RU_23_Delmare_blog.jpg 1050w\" sizes=\"(max-width: 361px) 100vw, 361px\" \/><p id=\"caption-attachment-746\" class=\"wp-caption-text\">Authentizit\u00e4t des Grauens \u2013 Drehort Buchenwald. Bildnachweis: \u00a9DEFA-Stiftung\/Waltraut Pathenheimer<\/p><\/div>\n<p style=\"font-size: 20px; line-height: 30px;\" data-fusion-font=\"true\">Knapp 900 DEFA-Spiel- und Dokumentarfilme haben also eigentlich nichts mit Th\u00fcringen, sondern genauer mit den Bezirken Erfurt, Gera und Suhl zu tun.<\/p>\n<p style=\"font-size: 20px; line-height: 30px;\" data-fusion-font=\"true\">Gedreht wurde im ganzen Land \u2013 gedreht wurden Filme fast aller Genres. Auch einzelne Pers\u00f6nlichkeiten des DEFA-Films kamen aus Th\u00fcringen. Kurzzeitig hatte die DEFA hier auch ein eigenes Studio.<\/p>\n<p style=\"font-size: 20px; line-height: 30px;\" data-fusion-font=\"true\">Authentizit\u00e4t war ein wichtiges Stichwort. Lagen doch in den Verwaltungsbezirken die St\u00e4tten des Bauernkrieges und der Reformation, die Wartburg als St\u00e4tte des S\u00e4ngerkrieges und die Orte des nationalsozialistischen Grauens.<\/p>\n<div id=\"attachment_749\" style=\"width: 360px\" class=\"wp-caption alignright\"><img decoding=\"async\" aria-describedby=\"caption-attachment-749\" class=\" wp-image-749\" src=\"https:\/\/projekte.uni-erfurt.de\/ddr-kino\/wp-content\/uploads\/2020\/09\/RU_23_r08_146_blog.jpg\" alt=\"\" width=\"350\" height=\"257\" srcset=\"https:\/\/projekte.uni-erfurt.de\/ddr-kino\/wp-content\/uploads\/2020\/09\/RU_23_r08_146_blog-200x147.jpg 200w, https:\/\/projekte.uni-erfurt.de\/ddr-kino\/wp-content\/uploads\/2020\/09\/RU_23_r08_146_blog-300x220.jpg 300w, https:\/\/projekte.uni-erfurt.de\/ddr-kino\/wp-content\/uploads\/2020\/09\/RU_23_r08_146_blog-400x293.jpg 400w, https:\/\/projekte.uni-erfurt.de\/ddr-kino\/wp-content\/uploads\/2020\/09\/RU_23_r08_146_blog-600x440.jpg 600w, https:\/\/projekte.uni-erfurt.de\/ddr-kino\/wp-content\/uploads\/2020\/09\/RU_23_r08_146_blog-768x563.jpg 768w, https:\/\/projekte.uni-erfurt.de\/ddr-kino\/wp-content\/uploads\/2020\/09\/RU_23_r08_146_blog-800x587.jpg 800w, https:\/\/projekte.uni-erfurt.de\/ddr-kino\/wp-content\/uploads\/2020\/09\/RU_23_r08_146_blog.jpg 937w\" sizes=\"(max-width: 350px) 100vw, 350px\" \/><p id=\"caption-attachment-749\" class=\"wp-caption-text\">Liebe und hei\u00dfe Reifen \u2013 Faszination Auto und Kalter Krieg am Fu\u00dfe der Wartburg. Bildnachweis: \u00a9DEFA-Stiftung\/Waltraut Pathenheimer<\/p><\/div>\n<p style=\"font-size: 20px; line-height: 30px;\" data-fusion-font=\"true\">Einen Schwerpunkt bildete Weimar. Hier entstanden Filme, die an historischen Orten das Erbe der Klassik thematisierten. Vor allem aber wurden hier Filme z.\u2009T. an Originalschaupl\u00e4tzen gedreht, die \u2013 als Historien- oder Gegenwartsfilm \u2013 die Zeit des Nationalsozialismus und den damit verbundenen antifaschistischen Widerstandskampf auf die Leinwand brachten.<\/p>\n<p style=\"font-size: 20px; line-height: 30px;\" data-fusion-font=\"true\">Auch der Kinder- und M\u00e4rchenfilm, der knapp 1\/4 der DEFA-Produktion ausmachte, war in Th\u00fcringen zuhause. In Arnstadt, Gotha, Hildburghausen, Jena und P\u00f6\u00dfneck wurden Filme gedreht, die heute vielfach als Klassiker gelten, aber auch einen Einblick in die gesellschaftliche Gegenwart erm\u00f6glichten.<\/p>\n<p style=\"font-size: 20px; line-height: 30px;\" data-fusion-font=\"true\">Die Gegenwart der DDR \u2013 von der Unterhaltung, der Frage der Emanzipation, \u00fcber den Wohnungsbau bis hin zum Rennsport als Teil des Kalten Krieges \u2013 wurde in zahlreichen Produktionen abgebildet. Auch die staatliche Intervention bei einzelnen Produktionen l\u00e4sst sich nachvollziehen.<\/p>\n<p style=\"font-size: 20px; line-height: 30px;\" data-fusion-font=\"true\">&#8220;Alfons Zitterbacke&#8221; (1966), &#8220;Das kalte Herz&#8221; (1951) und &#8220;Nackt unter W\u00f6lfen&#8221; (1963) wurden nach 1992 noch einmal verfilmt.<\/p>\n<div id=\"attachment_747\" style=\"width: 885px\" class=\"wp-caption aligncenter\"><img loading=\"lazy\" decoding=\"async\" aria-describedby=\"caption-attachment-747\" class=\"size-full wp-image-747\" src=\"https:\/\/projekte.uni-erfurt.de\/ddr-kino\/wp-content\/uploads\/2020\/09\/RU_23_M_03727_R_blog.jpg\" alt=\"\" width=\"875\" height=\"804\" srcset=\"https:\/\/projekte.uni-erfurt.de\/ddr-kino\/wp-content\/uploads\/2020\/09\/RU_23_M_03727_R_blog-200x184.jpg 200w, https:\/\/projekte.uni-erfurt.de\/ddr-kino\/wp-content\/uploads\/2020\/09\/RU_23_M_03727_R_blog-300x276.jpg 300w, https:\/\/projekte.uni-erfurt.de\/ddr-kino\/wp-content\/uploads\/2020\/09\/RU_23_M_03727_R_blog-400x368.jpg 400w, https:\/\/projekte.uni-erfurt.de\/ddr-kino\/wp-content\/uploads\/2020\/09\/RU_23_M_03727_R_blog-600x551.jpg 600w, https:\/\/projekte.uni-erfurt.de\/ddr-kino\/wp-content\/uploads\/2020\/09\/RU_23_M_03727_R_blog-768x706.jpg 768w, https:\/\/projekte.uni-erfurt.de\/ddr-kino\/wp-content\/uploads\/2020\/09\/RU_23_M_03727_R_blog-800x735.jpg 800w, https:\/\/projekte.uni-erfurt.de\/ddr-kino\/wp-content\/uploads\/2020\/09\/RU_23_M_03727_R_blog.jpg 875w\" sizes=\"(max-width: 875px) 100vw, 875px\" \/><p id=\"caption-attachment-747\" class=\"wp-caption-text\">Studio statt Originalschauplatz \u2013 Die Wartburg in Postdam-Babelsberg. Bildnachweis: \u00a9DEFA-Stiftung\/Waltraud Pathenheimer<\/p><\/div>\n<p><i>Dieser Beitrag erschien urspr\u00fcnglich im Rahmen der Ausstellung &#8220;Drehort Th\u00fcringen: DEFA-Produktionen 1946-1992&#8221;, die vom 5. M\u00e4rz bis zum 11. Juli 2020 im Kulturhaus Dacher\u00f6den in Erfurt zu sehen war. Sie entstand in Kooperation mit der Universit\u00e4t Erfurt und wurde initiiert und gef\u00f6rdert von der Sparkassen-Kulturstiftung Hessen-Th\u00fcringen. Der Beitrag wurde uns mit freundlicher Genehmigung des Kurators, Dr. Michael Grisko, f\u00fcr die Ver\u00f6ffentlichung auf diesem Blog zur Verf\u00fcgung gestellt.<\/i><\/p>\n<\/div><div class=\"fusion-clearfix\"><\/div><\/div><\/div><\/div><\/div><div class=\"fusion-fullwidth fullwidth-box fusion-builder-row-2 fusion-flex-container nonhundred-percent-fullwidth non-hundred-percent-height-scrolling\" style=\"background-color: rgba(255,255,255,0);background-position: center center;background-repeat: no-repeat;border-width: 0px 0px 0px 0px;border-color:#eae9e9;border-style:solid;\" ><div class=\"fusion-builder-row fusion-row fusion-flex-align-items-flex-start\" style=\"max-width:1248px;margin-left: calc(-4% \/ 2 );margin-right: calc(-4% \/ 2 );\"><div class=\"fusion-layout-column fusion_builder_column fusion-builder-column-1 fusion_builder_column_1_1 1_1 fusion-flex-column\"><div class=\"fusion-column-wrapper fusion-flex-justify-content-flex-start fusion-content-layout-column\" style=\"background-position:left top;background-repeat:no-repeat;-webkit-background-size:cover;-moz-background-size:cover;-o-background-size:cover;background-size:cover;padding: 0px 0px 0px 0px;\"><div class=\"fusion-text fusion-text-2\"><p style=\"text-align: center;\"><strong>&lt;&lt;&lt;&lt; <span style=\"color: #e6007e;\"><a style=\"color: #e6007e;\" href=\"https:\/\/projekte.uni-erfurt.de\/ddr-kino\/hintergrund\/drehort-thueringen\/\">Zur\u00fcck zur \u00dcbersicht<\/a><\/span> &gt;&gt;&gt;&gt;<\/strong><\/p>\n<\/div><\/div><style type=\"text\/css\">.fusion-body .fusion-builder-column-1{width:100% !important;margin-top : 0px;margin-bottom : 20px;}.fusion-builder-column-1 > .fusion-column-wrapper {padding-top : 0px !important;padding-right : 0px !important;margin-right : 1.92%;padding-bottom : 0px !important;padding-left : 0px !important;margin-left : 1.92%;}@media only screen and (max-width:1024px) {.fusion-body .fusion-builder-column-1{width:100% !important;order : 0;}.fusion-builder-column-1 > .fusion-column-wrapper {margin-right : 1.92%;margin-left : 1.92%;}}@media only screen and (max-width:640px) {.fusion-body .fusion-builder-column-1{width:100% !important;order : 0;}.fusion-builder-column-1 > .fusion-column-wrapper {margin-right : 1.92%;margin-left : 1.92%;}}<\/style><\/div><\/div><style type=\"text\/css\">.fusion-body .fusion-flex-container.fusion-builder-row-2{ padding-top : 0px;margin-top : 0px;padding-right : 0px;padding-bottom : 0px;margin-bottom : 0px;padding-left : 0px;}<\/style><\/div><\/p>\n","protected":false},"excerpt":{"rendered":"","protected":false},"author":7,"featured_media":747,"comment_status":"open","ping_status":"open","sticky":false,"template":"","format":"standard","meta":{"footnotes":""},"categories":[13],"tags":[],"yoast_head":"<!-- This site is optimized with the Yoast SEO plugin v21.7 - https:\/\/yoast.com\/wordpress\/plugins\/seo\/ -->\n<title>Von Landesgrenzen und Drehorten \u2013 oder warum die DEFA eigentlich nicht in Th\u00fcringen drehte - Kino in der DDR<\/title>\n<meta name=\"description\" content=\"Von Landesgrenzen und Drehorten \u2013 oder warum die DEFA eigentlich nicht in Th\u00fcringen drehte - Kino in der DDR\" \/>\n<meta name=\"robots\" content=\"index, follow, max-snippet:-1, max-image-preview:large, max-video-preview:-1\" \/>\n<link rel=\"canonical\" href=\"https:\/\/projekte.uni-erfurt.de\/ddr-kino\/von-landesgrenzen-und-drehorten-warum-defa-nicht-in-thueringen-drehte\/\" \/>\n<meta property=\"og:locale\" content=\"de_DE\" \/>\n<meta property=\"og:type\" content=\"article\" \/>\n<meta property=\"og:title\" content=\"Von Landesgrenzen und Drehorten \u2013 oder warum die DEFA eigentlich nicht in Th\u00fcringen drehte - Kino in der DDR\" \/>\n<meta property=\"og:description\" content=\"Von Landesgrenzen und Drehorten \u2013 oder warum die DEFA eigentlich nicht in Th\u00fcringen drehte - Kino in der DDR\" \/>\n<meta property=\"og:url\" content=\"https:\/\/projekte.uni-erfurt.de\/ddr-kino\/von-landesgrenzen-und-drehorten-warum-defa-nicht-in-thueringen-drehte\/\" \/>\n<meta property=\"og:site_name\" content=\"Kino in der DDR\" \/>\n<meta property=\"article:publisher\" content=\"https:\/\/www.facebook.com\/kinoinderddr\/\" \/>\n<meta property=\"article:published_time\" content=\"2020-09-21T06:00:40+00:00\" \/>\n<meta property=\"article:modified_time\" content=\"2020-09-20T19:26:54+00:00\" \/>\n<meta property=\"og:image\" content=\"https:\/\/projekte.uni-erfurt.de\/ddr-kino\/wp-content\/uploads\/2020\/09\/RU_23_M_03727_R_blog.jpg\" \/>\n\t<meta property=\"og:image:width\" content=\"875\" \/>\n\t<meta property=\"og:image:height\" content=\"804\" \/>\n\t<meta property=\"og:image:type\" content=\"image\/jpeg\" \/>\n<meta name=\"author\" content=\"Redaktion\" \/>\n<meta name=\"twitter:card\" content=\"summary_large_image\" \/>\n<meta name=\"twitter:creator\" content=\"@kino_ddr\" \/>\n<meta name=\"twitter:site\" content=\"@kino_ddr\" \/>\n<meta name=\"twitter:label1\" content=\"Verfasst von\" \/>\n\t<meta name=\"twitter:data1\" content=\"Redaktion\" \/>\n\t<meta name=\"twitter:label2\" content=\"Gesch\u00e4tzte Lesezeit\" \/>\n\t<meta name=\"twitter:data2\" content=\"6\u00a0Minuten\" \/>\n<script type=\"application\/ld+json\" class=\"yoast-schema-graph\">{\"@context\":\"https:\/\/schema.org\",\"@graph\":[{\"@type\":\"Article\",\"@id\":\"https:\/\/projekte.uni-erfurt.de\/ddr-kino\/von-landesgrenzen-und-drehorten-warum-defa-nicht-in-thueringen-drehte\/#article\",\"isPartOf\":{\"@id\":\"https:\/\/projekte.uni-erfurt.de\/ddr-kino\/von-landesgrenzen-und-drehorten-warum-defa-nicht-in-thueringen-drehte\/\"},\"author\":{\"name\":\"Redaktion\",\"@id\":\"https:\/\/projekte.uni-erfurt.de\/ddr-kino\/#\/schema\/person\/ae834fa903dfecc6f7ddcd753924b92b\"},\"headline\":\"Von Landesgrenzen und Drehorten \u2013 oder warum die DEFA eigentlich nicht in Th\u00fcringen drehte\",\"datePublished\":\"2020-09-21T06:00:40+00:00\",\"dateModified\":\"2020-09-20T19:26:54+00:00\",\"mainEntityOfPage\":{\"@id\":\"https:\/\/projekte.uni-erfurt.de\/ddr-kino\/von-landesgrenzen-und-drehorten-warum-defa-nicht-in-thueringen-drehte\/\"},\"wordCount\":1142,\"commentCount\":0,\"publisher\":{\"@id\":\"https:\/\/projekte.uni-erfurt.de\/ddr-kino\/#organization\"},\"articleSection\":[\"Drehort Th\u00fcringen\"],\"inLanguage\":\"de\",\"potentialAction\":[{\"@type\":\"CommentAction\",\"name\":\"Comment\",\"target\":[\"https:\/\/projekte.uni-erfurt.de\/ddr-kino\/von-landesgrenzen-und-drehorten-warum-defa-nicht-in-thueringen-drehte\/#respond\"]}]},{\"@type\":\"WebPage\",\"@id\":\"https:\/\/projekte.uni-erfurt.de\/ddr-kino\/von-landesgrenzen-und-drehorten-warum-defa-nicht-in-thueringen-drehte\/\",\"url\":\"https:\/\/projekte.uni-erfurt.de\/ddr-kino\/von-landesgrenzen-und-drehorten-warum-defa-nicht-in-thueringen-drehte\/\",\"name\":\"Von Landesgrenzen und Drehorten \u2013 oder warum die DEFA eigentlich nicht in Th\u00fcringen drehte - Kino in der DDR\",\"isPartOf\":{\"@id\":\"https:\/\/projekte.uni-erfurt.de\/ddr-kino\/#website\"},\"datePublished\":\"2020-09-21T06:00:40+00:00\",\"dateModified\":\"2020-09-20T19:26:54+00:00\",\"description\":\"Von Landesgrenzen und Drehorten \u2013 oder warum die DEFA eigentlich nicht in Th\u00fcringen drehte - Kino in der DDR\",\"breadcrumb\":{\"@id\":\"https:\/\/projekte.uni-erfurt.de\/ddr-kino\/von-landesgrenzen-und-drehorten-warum-defa-nicht-in-thueringen-drehte\/#breadcrumb\"},\"inLanguage\":\"de\",\"potentialAction\":[{\"@type\":\"ReadAction\",\"target\":[\"https:\/\/projekte.uni-erfurt.de\/ddr-kino\/von-landesgrenzen-und-drehorten-warum-defa-nicht-in-thueringen-drehte\/\"]}]},{\"@type\":\"BreadcrumbList\",\"@id\":\"https:\/\/projekte.uni-erfurt.de\/ddr-kino\/von-landesgrenzen-und-drehorten-warum-defa-nicht-in-thueringen-drehte\/#breadcrumb\",\"itemListElement\":[{\"@type\":\"ListItem\",\"position\":1,\"name\":\"Startseite\",\"item\":\"https:\/\/projekte.uni-erfurt.de\/ddr-kino\/\"},{\"@type\":\"ListItem\",\"position\":2,\"name\":\"Von Landesgrenzen und Drehorten \u2013 oder warum die DEFA eigentlich nicht in Th\u00fcringen drehte\"}]},{\"@type\":\"WebSite\",\"@id\":\"https:\/\/projekte.uni-erfurt.de\/ddr-kino\/#website\",\"url\":\"https:\/\/projekte.uni-erfurt.de\/ddr-kino\/\",\"name\":\"Kino in der DDR\",\"description\":\"Ein b\u00fcrgerwissenschaftliches Forschungsprojekt\",\"publisher\":{\"@id\":\"https:\/\/projekte.uni-erfurt.de\/ddr-kino\/#organization\"},\"potentialAction\":[{\"@type\":\"SearchAction\",\"target\":{\"@type\":\"EntryPoint\",\"urlTemplate\":\"https:\/\/projekte.uni-erfurt.de\/ddr-kino\/?s={search_term_string}\"},\"query-input\":\"required name=search_term_string\"}],\"inLanguage\":\"de\"},{\"@type\":\"Organization\",\"@id\":\"https:\/\/projekte.uni-erfurt.de\/ddr-kino\/#organization\",\"name\":\"Kino in der DDR\",\"url\":\"https:\/\/projekte.uni-erfurt.de\/ddr-kino\/\",\"logo\":{\"@type\":\"ImageObject\",\"inLanguage\":\"de\",\"@id\":\"https:\/\/projekte.uni-erfurt.de\/ddr-kino\/#\/schema\/logo\/image\/\",\"url\":\"https:\/\/projekte.uni-erfurt.de\/ddr-kino\/wp-content\/uploads\/2019\/08\/Kino_in_der_DDR_Logo-1-e1566923823474.png\",\"contentUrl\":\"https:\/\/projekte.uni-erfurt.de\/ddr-kino\/wp-content\/uploads\/2019\/08\/Kino_in_der_DDR_Logo-1-e1566923823474.png\",\"width\":200,\"height\":90,\"caption\":\"Kino in der DDR\"},\"image\":{\"@id\":\"https:\/\/projekte.uni-erfurt.de\/ddr-kino\/#\/schema\/logo\/image\/\"},\"sameAs\":[\"https:\/\/www.facebook.com\/kinoinderddr\/\",\"https:\/\/twitter.com\/kino_ddr\"]},{\"@type\":\"Person\",\"@id\":\"https:\/\/projekte.uni-erfurt.de\/ddr-kino\/#\/schema\/person\/ae834fa903dfecc6f7ddcd753924b92b\",\"name\":\"Redaktion\",\"image\":{\"@type\":\"ImageObject\",\"inLanguage\":\"de\",\"@id\":\"https:\/\/projekte.uni-erfurt.de\/ddr-kino\/#\/schema\/person\/image\/\",\"url\":\"https:\/\/secure.gravatar.com\/avatar\/156bae742da6fe6f2513aec455b0b45f?s=96&d=mm&r=g\",\"contentUrl\":\"https:\/\/secure.gravatar.com\/avatar\/156bae742da6fe6f2513aec455b0b45f?s=96&d=mm&r=g\",\"caption\":\"Redaktion\"},\"url\":\"https:\/\/projekte.uni-erfurt.de\/ddr-kino\/author\/redaktion\/\"}]}<\/script>\n<!-- \/ Yoast SEO plugin. -->","yoast_head_json":{"title":"Von Landesgrenzen und Drehorten \u2013 oder warum die DEFA eigentlich nicht in Th\u00fcringen drehte - Kino in der DDR","description":"Von Landesgrenzen und Drehorten \u2013 oder warum die DEFA eigentlich nicht in Th\u00fcringen drehte - Kino in der DDR","robots":{"index":"index","follow":"follow","max-snippet":"max-snippet:-1","max-image-preview":"max-image-preview:large","max-video-preview":"max-video-preview:-1"},"canonical":"https:\/\/projekte.uni-erfurt.de\/ddr-kino\/von-landesgrenzen-und-drehorten-warum-defa-nicht-in-thueringen-drehte\/","og_locale":"de_DE","og_type":"article","og_title":"Von Landesgrenzen und Drehorten \u2013 oder warum die DEFA eigentlich nicht in Th\u00fcringen drehte - Kino in der DDR","og_description":"Von Landesgrenzen und Drehorten \u2013 oder warum die DEFA eigentlich nicht in Th\u00fcringen drehte - Kino in der DDR","og_url":"https:\/\/projekte.uni-erfurt.de\/ddr-kino\/von-landesgrenzen-und-drehorten-warum-defa-nicht-in-thueringen-drehte\/","og_site_name":"Kino in der DDR","article_publisher":"https:\/\/www.facebook.com\/kinoinderddr\/","article_published_time":"2020-09-21T06:00:40+00:00","article_modified_time":"2020-09-20T19:26:54+00:00","og_image":[{"width":875,"height":804,"url":"https:\/\/projekte.uni-erfurt.de\/ddr-kino\/wp-content\/uploads\/2020\/09\/RU_23_M_03727_R_blog.jpg","type":"image\/jpeg"}],"author":"Redaktion","twitter_card":"summary_large_image","twitter_creator":"@kino_ddr","twitter_site":"@kino_ddr","twitter_misc":{"Verfasst von":"Redaktion","Gesch\u00e4tzte Lesezeit":"6\u00a0Minuten"},"schema":{"@context":"https:\/\/schema.org","@graph":[{"@type":"Article","@id":"https:\/\/projekte.uni-erfurt.de\/ddr-kino\/von-landesgrenzen-und-drehorten-warum-defa-nicht-in-thueringen-drehte\/#article","isPartOf":{"@id":"https:\/\/projekte.uni-erfurt.de\/ddr-kino\/von-landesgrenzen-und-drehorten-warum-defa-nicht-in-thueringen-drehte\/"},"author":{"name":"Redaktion","@id":"https:\/\/projekte.uni-erfurt.de\/ddr-kino\/#\/schema\/person\/ae834fa903dfecc6f7ddcd753924b92b"},"headline":"Von Landesgrenzen und Drehorten \u2013 oder warum die DEFA eigentlich nicht in Th\u00fcringen drehte","datePublished":"2020-09-21T06:00:40+00:00","dateModified":"2020-09-20T19:26:54+00:00","mainEntityOfPage":{"@id":"https:\/\/projekte.uni-erfurt.de\/ddr-kino\/von-landesgrenzen-und-drehorten-warum-defa-nicht-in-thueringen-drehte\/"},"wordCount":1142,"commentCount":0,"publisher":{"@id":"https:\/\/projekte.uni-erfurt.de\/ddr-kino\/#organization"},"articleSection":["Drehort Th\u00fcringen"],"inLanguage":"de","potentialAction":[{"@type":"CommentAction","name":"Comment","target":["https:\/\/projekte.uni-erfurt.de\/ddr-kino\/von-landesgrenzen-und-drehorten-warum-defa-nicht-in-thueringen-drehte\/#respond"]}]},{"@type":"WebPage","@id":"https:\/\/projekte.uni-erfurt.de\/ddr-kino\/von-landesgrenzen-und-drehorten-warum-defa-nicht-in-thueringen-drehte\/","url":"https:\/\/projekte.uni-erfurt.de\/ddr-kino\/von-landesgrenzen-und-drehorten-warum-defa-nicht-in-thueringen-drehte\/","name":"Von Landesgrenzen und Drehorten \u2013 oder warum die DEFA eigentlich nicht in Th\u00fcringen drehte - Kino in der DDR","isPartOf":{"@id":"https:\/\/projekte.uni-erfurt.de\/ddr-kino\/#website"},"datePublished":"2020-09-21T06:00:40+00:00","dateModified":"2020-09-20T19:26:54+00:00","description":"Von Landesgrenzen und Drehorten \u2013 oder warum die DEFA eigentlich nicht in Th\u00fcringen drehte - Kino in der DDR","breadcrumb":{"@id":"https:\/\/projekte.uni-erfurt.de\/ddr-kino\/von-landesgrenzen-und-drehorten-warum-defa-nicht-in-thueringen-drehte\/#breadcrumb"},"inLanguage":"de","potentialAction":[{"@type":"ReadAction","target":["https:\/\/projekte.uni-erfurt.de\/ddr-kino\/von-landesgrenzen-und-drehorten-warum-defa-nicht-in-thueringen-drehte\/"]}]},{"@type":"BreadcrumbList","@id":"https:\/\/projekte.uni-erfurt.de\/ddr-kino\/von-landesgrenzen-und-drehorten-warum-defa-nicht-in-thueringen-drehte\/#breadcrumb","itemListElement":[{"@type":"ListItem","position":1,"name":"Startseite","item":"https:\/\/projekte.uni-erfurt.de\/ddr-kino\/"},{"@type":"ListItem","position":2,"name":"Von Landesgrenzen und Drehorten \u2013 oder warum die DEFA eigentlich nicht in Th\u00fcringen drehte"}]},{"@type":"WebSite","@id":"https:\/\/projekte.uni-erfurt.de\/ddr-kino\/#website","url":"https:\/\/projekte.uni-erfurt.de\/ddr-kino\/","name":"Kino in der DDR","description":"Ein b\u00fcrgerwissenschaftliches Forschungsprojekt","publisher":{"@id":"https:\/\/projekte.uni-erfurt.de\/ddr-kino\/#organization"},"potentialAction":[{"@type":"SearchAction","target":{"@type":"EntryPoint","urlTemplate":"https:\/\/projekte.uni-erfurt.de\/ddr-kino\/?s={search_term_string}"},"query-input":"required name=search_term_string"}],"inLanguage":"de"},{"@type":"Organization","@id":"https:\/\/projekte.uni-erfurt.de\/ddr-kino\/#organization","name":"Kino in der DDR","url":"https:\/\/projekte.uni-erfurt.de\/ddr-kino\/","logo":{"@type":"ImageObject","inLanguage":"de","@id":"https:\/\/projekte.uni-erfurt.de\/ddr-kino\/#\/schema\/logo\/image\/","url":"https:\/\/projekte.uni-erfurt.de\/ddr-kino\/wp-content\/uploads\/2019\/08\/Kino_in_der_DDR_Logo-1-e1566923823474.png","contentUrl":"https:\/\/projekte.uni-erfurt.de\/ddr-kino\/wp-content\/uploads\/2019\/08\/Kino_in_der_DDR_Logo-1-e1566923823474.png","width":200,"height":90,"caption":"Kino in der DDR"},"image":{"@id":"https:\/\/projekte.uni-erfurt.de\/ddr-kino\/#\/schema\/logo\/image\/"},"sameAs":["https:\/\/www.facebook.com\/kinoinderddr\/","https:\/\/twitter.com\/kino_ddr"]},{"@type":"Person","@id":"https:\/\/projekte.uni-erfurt.de\/ddr-kino\/#\/schema\/person\/ae834fa903dfecc6f7ddcd753924b92b","name":"Redaktion","image":{"@type":"ImageObject","inLanguage":"de","@id":"https:\/\/projekte.uni-erfurt.de\/ddr-kino\/#\/schema\/person\/image\/","url":"https:\/\/secure.gravatar.com\/avatar\/156bae742da6fe6f2513aec455b0b45f?s=96&d=mm&r=g","contentUrl":"https:\/\/secure.gravatar.com\/avatar\/156bae742da6fe6f2513aec455b0b45f?s=96&d=mm&r=g","caption":"Redaktion"},"url":"https:\/\/projekte.uni-erfurt.de\/ddr-kino\/author\/redaktion\/"}]}},"_links":{"self":[{"href":"https:\/\/projekte.uni-erfurt.de\/ddr-kino\/wp-json\/wp\/v2\/posts\/750"}],"collection":[{"href":"https:\/\/projekte.uni-erfurt.de\/ddr-kino\/wp-json\/wp\/v2\/posts"}],"about":[{"href":"https:\/\/projekte.uni-erfurt.de\/ddr-kino\/wp-json\/wp\/v2\/types\/post"}],"author":[{"embeddable":true,"href":"https:\/\/projekte.uni-erfurt.de\/ddr-kino\/wp-json\/wp\/v2\/users\/7"}],"replies":[{"embeddable":true,"href":"https:\/\/projekte.uni-erfurt.de\/ddr-kino\/wp-json\/wp\/v2\/comments?post=750"}],"version-history":[{"count":11,"href":"https:\/\/projekte.uni-erfurt.de\/ddr-kino\/wp-json\/wp\/v2\/posts\/750\/revisions"}],"predecessor-version":[{"id":751,"href":"https:\/\/projekte.uni-erfurt.de\/ddr-kino\/wp-json\/wp\/v2\/posts\/750\/revisions\/751"}],"wp:featuredmedia":[{"embeddable":true,"href":"https:\/\/projekte.uni-erfurt.de\/ddr-kino\/wp-json\/wp\/v2\/media\/747"}],"wp:attachment":[{"href":"https:\/\/projekte.uni-erfurt.de\/ddr-kino\/wp-json\/wp\/v2\/media?parent=750"}],"wp:term":[{"taxonomy":"category","embeddable":true,"href":"https:\/\/projekte.uni-erfurt.de\/ddr-kino\/wp-json\/wp\/v2\/categories?post=750"},{"taxonomy":"post_tag","embeddable":true,"href":"https:\/\/projekte.uni-erfurt.de\/ddr-kino\/wp-json\/wp\/v2\/tags?post=750"}],"curies":[{"name":"wp","href":"https:\/\/api.w.org\/{rel}","templated":true}]}}