{"id":805,"date":"2020-09-23T15:41:03","date_gmt":"2020-09-23T13:41:03","guid":{"rendered":"https:\/\/projekte.uni-erfurt.de\/ddr-kino\/?p=805"},"modified":"2020-10-08T13:07:57","modified_gmt":"2020-10-08T11:07:57","slug":"veranstaltung-zum-offiziellen-start-der-plattform","status":"publish","type":"post","link":"https:\/\/projekte.uni-erfurt.de\/ddr-kino\/veranstaltung-zum-offiziellen-start-der-plattform\/","title":{"rendered":"Veranstaltung zum offiziellen Start der digitalen Forschungsplattform &#8220;Kino in der DDR&#8221;"},"content":{"rendered":"<p><div class=\"fusion-fullwidth fullwidth-box fusion-builder-row-1 nonhundred-percent-fullwidth non-hundred-percent-height-scrolling\" style=\"background-color: rgba(255,255,255,0);background-position: center center;background-repeat: no-repeat;padding-top:0px;padding-right:0px;padding-bottom:0px;padding-left:0px;margin-bottom: 0px;margin-top: 0px;border-width: 0px 0px 0px 0px;border-color:#eae9e9;border-style:solid;\" ><div class=\"fusion-builder-row fusion-row\"><div class=\"fusion-layout-column fusion_builder_column fusion-builder-column-0 fusion_builder_column_1_1 1_1 fusion-one-full fusion-column-first fusion-column-last\" style=\"margin-top:0px;margin-bottom:0px;\"><div class=\"fusion-column-wrapper fusion-flex-column-wrapper-legacy\" style=\"background-position:left top;background-repeat:no-repeat;-webkit-background-size:cover;-moz-background-size:cover;-o-background-size:cover;background-size:cover;padding: 0px 0px 0px 0px;\"><div class=\"fusion-text fusion-text-1\"><p>Die Kinogeschichte der DDR wurde bislang vor allem als staatliche Filmpolitik- und Produktionsgeschichte geschrieben. Nahezu unber\u00fccksichtigt blieben in der Forschung hingegen die pers\u00f6nlichen Erfahrungen der DDR-Kinobesucher und eine historisch einmalige Kino- und Fankultur droht mit der Zeit in Vergessenheit zu geraten. Ziel des Forschungsprojekts &#8220;Kino in der DDR&#8221; ist, das Wissen und die Erinnerungen an das Lichtspielwesen Ostdeutschlands zu bewahren, indem gemeinsam mit Zeitzeuginnen und Zeitzeugen eine Alltagsgeschichte des Kinos in der DDR erarbeitet werden soll.<\/p>\n<p>Gef\u00f6rdert durch die Th\u00fcringer Aufbaubank entwickelt das Forschungsteam zu diesem Zweck eine digitale Plattform, die nun erstmals f\u00fcr die \u00d6ffentlichkeit zug\u00e4nglich gemacht wird. Anl\u00e4sslich des Starts der virtuellen Forschungsumgebung m\u00f6chten wir daher alle, die Kino in der DDR erlebt haben oder sich f\u00fcr das Forschungsvorhaben interessieren, herzlich zu einer Pr\u00e4sentation der Plattform am 10. Oktober 2020 in das Kultur: Haus Dacher\u00f6den einladen.<\/p>\n<p><span style=\"background-color: rgba(255, 255, 255, 0); color: var(--body_typography-color); font-family: var(--body_typography-font-family); font-size: var(--body_typography-font-size); font-style: var(--body_typography-font-style,normal); font-weight: var(--body_typography-font-weight); letter-spacing: var(--body_typography-letter-spacing);\">Neben dem Launch der interaktiven Plattform und der Vorstellung des Projekts erwartet die G\u00e4ste ein abwechslungsreiches Programm mit Vortr\u00e4gen zur Geschichte der DEFA, einer eindrucksvollen Filmvorf\u00fchrung und der M\u00f6glichkeit, mit den Projektbeteiligten ins Gespr\u00e4ch zu kommen. Dar\u00fcber hinaus erfahren die Besucherinnen und Besucher am Veranstaltungstag, wie sie sich konkret \u00fcber die digitale Plattform am Forschungsvorhaben beteiligen k\u00f6nnen.<\/span><\/p>\n<p>Der Eintritt ist frei! Wegen der aktuellen Situation ist die Zahl der Teilnehmenden begrenzt. Eine vorherige Anmeldung ist bis zum 9. Oktober 2020, 12 Uhr, \u00fcber das unten stehende Formular oder per E-Mail an <a href=\"mailto: kino-ddr@uni-erfurt.de\">kino-ddr@uni-erfurt.de<\/a> notwendig. Des Weiteren soll an dieser Stelle darauf hingewiesen werden, dass am Tag der Veranstaltung das Kultur: Haus Dacher\u00f6den aufgrund der aktuellen Corona-Verordnung des Landes Th\u00fcringen verpflichtet ist, eine Anmeldeliste mit den Kontaktdaten der G\u00e4ste zu f\u00fchren.<\/p>\n<\/div><div class=\"fusion-text fusion-text-2\"><p><b>Programm (Stand: 23.09.2020):<\/b><\/p>\n<p>&#8211; 14.00 Uhr: Begr\u00fc\u00dfung durch die Projektverantwortlichen<\/p>\n<p>&#8211; 14.15 Uhr: Ren\u00e9 Pikarski (Berlin): &#8220;Eine kleine Geschichte zur DEFA \u2013 Film zwischen staatlichem Auftrag und k\u00fcnstlerischem Anspruch?\u201c<\/p>\n<p>&#8211; 15.00 Uhr: Vorf\u00fchrung des DEFA-Dokumentarfilms &#8220;Der Vorfilm l\u00e4uft&#8221; (1956)<\/p>\n<p>&#8211; 15.30 Uhr: Kaffeepause<\/p>\n<p>&#8211; 16.00 Uhr: Vorstellung und offizieller Start der digitalen Forschungsplattform &#8220;Kino in der DDR&#8221;<\/p>\n<p>&#8211; 17.00 Uhr: Klaus Weber (G\u00f6nnheim): &#8220;allekinos.com \u2013 Vergangene Kinokultur als digitale Erinnerung&#8221;<\/p>\n<p>&#8211; 17.30 &#8211; 18.00 Uhr: Diskussions- und Netzwerkblock<\/p>\n<\/div><div class=\"fusion-clearfix\"><\/div><\/div><\/div><\/div><\/div><div class=\"fusion-fullwidth fullwidth-box fusion-builder-row-2 nonhundred-percent-fullwidth non-hundred-percent-height-scrolling\" style=\"background-color: rgba(255,255,255,0);background-position: center center;background-repeat: no-repeat;padding-top:0px;padding-right:0px;padding-bottom:0px;padding-left:0px;margin-bottom: 0px;margin-top: 0px;border-width: 0px 0px 0px 0px;border-color:#eae9e9;border-style:solid;\" ><div class=\"fusion-builder-row fusion-row\"><div class=\"fusion-layout-column fusion_builder_column fusion-builder-column-1 fusion_builder_column_1_1 1_1 fusion-one-full fusion-column-first fusion-column-last\" style=\"margin-top:0px;margin-bottom:20px;\"><div class=\"fusion-column-wrapper fusion-flex-column-wrapper-legacy\" style=\"background-position:left top;background-repeat:no-repeat;-webkit-background-size:cover;-moz-background-size:cover;-o-background-size:cover;background-size:cover;padding: 0px 0px 0px 0px;\"><div class=\"fusion-text fusion-text-3\"><p><strong>Veranstaltungsort und Uhrzeit: <\/strong>Kultur: Haus Dacher\u00f6den, Anger 37, 99084 Erfurt, 14.00 &#8211; 18.00 Uhr (Einlass ab 13.45 Uhr)<\/p>\n<p>F\u00fcr R\u00fcckfragen und weitere Informationen zur Veranstaltung oder zum Forschungsprojekt wenden Sie sich bitte an:<\/p>\n<p>Marcus Plaul<\/p>\n<p>Veranstaltungsorganisation<\/p>\n<p>Universit\u00e4t Erfurt<\/p>\n<p>Tel.: 0361 \/ 737 44 92<\/p>\n<p>E-Mail: <a href=\"mailto:marcus.plaul@uni-erfurt.de\">marcus.plaul@uni-erfurt.de<\/a><\/p>\n<p>Wir freuen uns auf Ihre Teilnahme!<\/p>\n<\/div>\n<div class=\"wpcf7 no-js\" id=\"wpcf7-f405-o1\" lang=\"de-DE\" dir=\"ltr\">\n<div class=\"screen-reader-response\"><p role=\"status\" aria-live=\"polite\" aria-atomic=\"true\"><\/p> <ul><\/ul><\/div>\n<form action=\"\/ddr-kino\/wp-json\/wp\/v2\/posts\/805#wpcf7-f405-o1\" method=\"post\" class=\"wpcf7-form init wpcf7-acceptance-as-validation\" aria-label=\"Kontaktformular\" novalidate=\"novalidate\" data-status=\"init\">\n<div style=\"display: none;\">\n<input type=\"hidden\" name=\"_wpcf7\" value=\"405\" \/>\n<input type=\"hidden\" name=\"_wpcf7_version\" value=\"5.8.5\" \/>\n<input type=\"hidden\" name=\"_wpcf7_locale\" value=\"de_DE\" \/>\n<input type=\"hidden\" name=\"_wpcf7_unit_tag\" value=\"wpcf7-f405-o1\" \/>\n<input type=\"hidden\" name=\"_wpcf7_container_post\" value=\"0\" \/>\n<input type=\"hidden\" name=\"_wpcf7_posted_data_hash\" value=\"\" \/>\n<\/div>\n<p><label> Ihr Name (Pflichtfeld)<br \/>\n<span class=\"wpcf7-form-control-wrap\" data-name=\"your-name\"><input size=\"40\" class=\"wpcf7-form-control wpcf7-text wpcf7-validates-as-required\" aria-required=\"true\" aria-invalid=\"false\" value=\"\" type=\"text\" name=\"your-name\" \/><\/span> <\/label>\n<\/p>\n<p><label> Ihre E-Mail-Adresse (Pflichtfeld)<br \/>\n<span class=\"wpcf7-form-control-wrap\" data-name=\"your-email\"><input size=\"40\" class=\"wpcf7-form-control wpcf7-email wpcf7-validates-as-required wpcf7-text wpcf7-validates-as-email\" aria-required=\"true\" aria-invalid=\"false\" value=\"\" type=\"email\" name=\"your-email\" \/><\/span> <\/label>\n<\/p>\n<p><label> Ihre Telefonnummer<br \/>\n<span class=\"wpcf7-form-control-wrap\" data-name=\"tel-616\"><input size=\"40\" class=\"wpcf7-form-control wpcf7-tel wpcf7-text wpcf7-validates-as-tel\" aria-invalid=\"false\" value=\"\" type=\"tel\" name=\"tel-616\" \/><\/span> <\/label>\n<\/p>\n<p><label> Betreff<br \/>\n<span class=\"wpcf7-form-control-wrap\" data-name=\"your-subject\"><input size=\"40\" class=\"wpcf7-form-control wpcf7-text\" aria-invalid=\"false\" value=\"\" type=\"text\" name=\"your-subject\" \/><\/span> <\/label>\n<\/p>\n<p><label> Ihre Nachricht<br \/>\n<span class=\"wpcf7-form-control-wrap\" data-name=\"your-message\"><textarea cols=\"40\" rows=\"10\" class=\"wpcf7-form-control wpcf7-textarea\" aria-invalid=\"false\" name=\"your-message\"><\/textarea><\/span> <\/label>\n<\/p>\n<p><span class=\"wpcf7-form-control-wrap\" data-name=\"acceptance-139\"><span class=\"wpcf7-form-control wpcf7-acceptance\"><span class=\"wpcf7-list-item\"><input type=\"checkbox\" name=\"acceptance-139\" value=\"1\" aria-invalid=\"false\" \/><\/span><\/span><\/span> Sie erkl\u00e4ren sich damit einverstanden, dass Ihre Daten zur Bearbeitung Ihres Anliegens genutzt werden. Weitere Informationen und Hinweise finden Sie in unserer <b> <a href=\"https:\/\/projekte.uni-erfurt.de\/ddr-kino\/datenschutz\/\"> Datenschutzerkl\u00e4rung. <\/a><\/b>\n<\/p>\n<p><input class=\"wpcf7-form-control wpcf7-submit has-spinner\" type=\"submit\" value=\"Senden\" \/>\n<\/p><div class=\"fusion-alert alert custom alert-custom fusion-alert-center wpcf7-response-output fusion-alert-capitalize alert-dismissable\" role=\"alert\" style=\"border-width:1px;\"><div class=\"fusion-alert-content-wrapper\"><span class=\"fusion-alert-content\"><\/span><\/div><button type=\"button\" class=\"close toggle-alert\" data-dismiss=\"alert\" aria-label=\"Close\">&times;<\/button><\/div>\n<\/form>\n<\/div>\n<div class=\"fusion-clearfix\"><\/div><\/div><\/div><\/div><\/div><\/p>\n","protected":false},"excerpt":{"rendered":"","protected":false},"author":2,"featured_media":807,"comment_status":"open","ping_status":"open","sticky":false,"template":"","format":"standard","meta":{"footnotes":""},"categories":[1],"tags":[],"yoast_head":"<!-- This site is optimized with the Yoast SEO plugin v21.7 - https:\/\/yoast.com\/wordpress\/plugins\/seo\/ -->\n<title>Veranstaltung zum offiziellen Start der digitalen Forschungsplattform &quot;Kino in der DDR&quot; - Kino in der DDR<\/title>\n<meta name=\"description\" content=\"Veranstaltung zum offiziellen Start der digitalen Forschungsplattform &quot;Kino in der DDR&quot; - Kino in der DDR\" \/>\n<meta name=\"robots\" content=\"index, follow, max-snippet:-1, max-image-preview:large, max-video-preview:-1\" \/>\n<link rel=\"canonical\" href=\"https:\/\/projekte.uni-erfurt.de\/ddr-kino\/veranstaltung-zum-offiziellen-start-der-plattform\/\" \/>\n<meta property=\"og:locale\" content=\"de_DE\" \/>\n<meta property=\"og:type\" content=\"article\" \/>\n<meta property=\"og:title\" content=\"Veranstaltung zum offiziellen Start der digitalen Forschungsplattform &quot;Kino in der DDR&quot; - Kino in der DDR\" \/>\n<meta property=\"og:description\" content=\"Veranstaltung zum offiziellen Start der digitalen Forschungsplattform &quot;Kino in der DDR&quot; - Kino in der DDR\" \/>\n<meta property=\"og:url\" content=\"https:\/\/projekte.uni-erfurt.de\/ddr-kino\/veranstaltung-zum-offiziellen-start-der-plattform\/\" \/>\n<meta property=\"og:site_name\" content=\"Kino in der DDR\" \/>\n<meta property=\"article:publisher\" content=\"https:\/\/www.facebook.com\/kinoinderddr\/\" \/>\n<meta property=\"article:published_time\" content=\"2020-09-23T13:41:03+00:00\" \/>\n<meta property=\"article:modified_time\" content=\"2020-10-08T11:07:57+00:00\" \/>\n<meta property=\"og:image\" content=\"https:\/\/projekte.uni-erfurt.de\/ddr-kino\/wp-content\/uploads\/2020\/09\/Veranstaltung_Plattformstart.jpg\" \/>\n\t<meta property=\"og:image:width\" content=\"700\" \/>\n\t<meta property=\"og:image:height\" content=\"496\" \/>\n\t<meta property=\"og:image:type\" content=\"image\/jpeg\" \/>\n<meta name=\"author\" content=\"Marcus Plaul\" \/>\n<meta name=\"twitter:card\" content=\"summary_large_image\" \/>\n<meta name=\"twitter:creator\" content=\"@kino_ddr\" \/>\n<meta name=\"twitter:site\" content=\"@kino_ddr\" \/>\n<meta name=\"twitter:label1\" content=\"Verfasst von\" \/>\n\t<meta name=\"twitter:data1\" content=\"Marcus Plaul\" \/>\n\t<meta name=\"twitter:label2\" content=\"Gesch\u00e4tzte Lesezeit\" \/>\n\t<meta name=\"twitter:data2\" content=\"4\u00a0Minuten\" \/>\n<script type=\"application\/ld+json\" class=\"yoast-schema-graph\">{\"@context\":\"https:\/\/schema.org\",\"@graph\":[{\"@type\":\"Article\",\"@id\":\"https:\/\/projekte.uni-erfurt.de\/ddr-kino\/veranstaltung-zum-offiziellen-start-der-plattform\/#article\",\"isPartOf\":{\"@id\":\"https:\/\/projekte.uni-erfurt.de\/ddr-kino\/veranstaltung-zum-offiziellen-start-der-plattform\/\"},\"author\":{\"name\":\"Marcus Plaul\",\"@id\":\"https:\/\/projekte.uni-erfurt.de\/ddr-kino\/#\/schema\/person\/2d53d6af2db5aa63d961a9bea3a71d2a\"},\"headline\":\"Veranstaltung zum offiziellen Start der digitalen Forschungsplattform &#8220;Kino in der DDR&#8221;\",\"datePublished\":\"2020-09-23T13:41:03+00:00\",\"dateModified\":\"2020-10-08T11:07:57+00:00\",\"mainEntityOfPage\":{\"@id\":\"https:\/\/projekte.uni-erfurt.de\/ddr-kino\/veranstaltung-zum-offiziellen-start-der-plattform\/\"},\"wordCount\":884,\"commentCount\":0,\"publisher\":{\"@id\":\"https:\/\/projekte.uni-erfurt.de\/ddr-kino\/#organization\"},\"inLanguage\":\"de\",\"potentialAction\":[{\"@type\":\"CommentAction\",\"name\":\"Comment\",\"target\":[\"https:\/\/projekte.uni-erfurt.de\/ddr-kino\/veranstaltung-zum-offiziellen-start-der-plattform\/#respond\"]}]},{\"@type\":\"WebPage\",\"@id\":\"https:\/\/projekte.uni-erfurt.de\/ddr-kino\/veranstaltung-zum-offiziellen-start-der-plattform\/\",\"url\":\"https:\/\/projekte.uni-erfurt.de\/ddr-kino\/veranstaltung-zum-offiziellen-start-der-plattform\/\",\"name\":\"Veranstaltung zum offiziellen Start der digitalen Forschungsplattform \\\"Kino in der DDR\\\" - Kino in der DDR\",\"isPartOf\":{\"@id\":\"https:\/\/projekte.uni-erfurt.de\/ddr-kino\/#website\"},\"datePublished\":\"2020-09-23T13:41:03+00:00\",\"dateModified\":\"2020-10-08T11:07:57+00:00\",\"description\":\"Veranstaltung zum offiziellen Start der digitalen Forschungsplattform \\\"Kino in der DDR\\\" - Kino in der DDR\",\"breadcrumb\":{\"@id\":\"https:\/\/projekte.uni-erfurt.de\/ddr-kino\/veranstaltung-zum-offiziellen-start-der-plattform\/#breadcrumb\"},\"inLanguage\":\"de\",\"potentialAction\":[{\"@type\":\"ReadAction\",\"target\":[\"https:\/\/projekte.uni-erfurt.de\/ddr-kino\/veranstaltung-zum-offiziellen-start-der-plattform\/\"]}]},{\"@type\":\"BreadcrumbList\",\"@id\":\"https:\/\/projekte.uni-erfurt.de\/ddr-kino\/veranstaltung-zum-offiziellen-start-der-plattform\/#breadcrumb\",\"itemListElement\":[{\"@type\":\"ListItem\",\"position\":1,\"name\":\"Startseite\",\"item\":\"https:\/\/projekte.uni-erfurt.de\/ddr-kino\/\"},{\"@type\":\"ListItem\",\"position\":2,\"name\":\"Veranstaltung zum offiziellen Start der digitalen Forschungsplattform &#8220;Kino in der DDR&#8221;\"}]},{\"@type\":\"WebSite\",\"@id\":\"https:\/\/projekte.uni-erfurt.de\/ddr-kino\/#website\",\"url\":\"https:\/\/projekte.uni-erfurt.de\/ddr-kino\/\",\"name\":\"Kino in der DDR\",\"description\":\"Ein b\u00fcrgerwissenschaftliches Forschungsprojekt\",\"publisher\":{\"@id\":\"https:\/\/projekte.uni-erfurt.de\/ddr-kino\/#organization\"},\"potentialAction\":[{\"@type\":\"SearchAction\",\"target\":{\"@type\":\"EntryPoint\",\"urlTemplate\":\"https:\/\/projekte.uni-erfurt.de\/ddr-kino\/?s={search_term_string}\"},\"query-input\":\"required name=search_term_string\"}],\"inLanguage\":\"de\"},{\"@type\":\"Organization\",\"@id\":\"https:\/\/projekte.uni-erfurt.de\/ddr-kino\/#organization\",\"name\":\"Kino in der DDR\",\"url\":\"https:\/\/projekte.uni-erfurt.de\/ddr-kino\/\",\"logo\":{\"@type\":\"ImageObject\",\"inLanguage\":\"de\",\"@id\":\"https:\/\/projekte.uni-erfurt.de\/ddr-kino\/#\/schema\/logo\/image\/\",\"url\":\"https:\/\/projekte.uni-erfurt.de\/ddr-kino\/wp-content\/uploads\/2019\/08\/Kino_in_der_DDR_Logo-1-e1566923823474.png\",\"contentUrl\":\"https:\/\/projekte.uni-erfurt.de\/ddr-kino\/wp-content\/uploads\/2019\/08\/Kino_in_der_DDR_Logo-1-e1566923823474.png\",\"width\":200,\"height\":90,\"caption\":\"Kino in der DDR\"},\"image\":{\"@id\":\"https:\/\/projekte.uni-erfurt.de\/ddr-kino\/#\/schema\/logo\/image\/\"},\"sameAs\":[\"https:\/\/www.facebook.com\/kinoinderddr\/\",\"https:\/\/twitter.com\/kino_ddr\"]},{\"@type\":\"Person\",\"@id\":\"https:\/\/projekte.uni-erfurt.de\/ddr-kino\/#\/schema\/person\/2d53d6af2db5aa63d961a9bea3a71d2a\",\"name\":\"Marcus Plaul\",\"image\":{\"@type\":\"ImageObject\",\"inLanguage\":\"de\",\"@id\":\"https:\/\/projekte.uni-erfurt.de\/ddr-kino\/#\/schema\/person\/image\/\",\"url\":\"https:\/\/secure.gravatar.com\/avatar\/592abf145c7aa234ced8786fc42b9d55?s=96&d=mm&r=g\",\"contentUrl\":\"https:\/\/secure.gravatar.com\/avatar\/592abf145c7aa234ced8786fc42b9d55?s=96&d=mm&r=g\",\"caption\":\"Marcus Plaul\"},\"url\":\"https:\/\/projekte.uni-erfurt.de\/ddr-kino\/author\/plaul\/\"}]}<\/script>\n<!-- \/ Yoast SEO plugin. -->","yoast_head_json":{"title":"Veranstaltung zum offiziellen Start der digitalen Forschungsplattform \"Kino in der DDR\" - Kino in der DDR","description":"Veranstaltung zum offiziellen Start der digitalen Forschungsplattform \"Kino in der DDR\" - Kino in der DDR","robots":{"index":"index","follow":"follow","max-snippet":"max-snippet:-1","max-image-preview":"max-image-preview:large","max-video-preview":"max-video-preview:-1"},"canonical":"https:\/\/projekte.uni-erfurt.de\/ddr-kino\/veranstaltung-zum-offiziellen-start-der-plattform\/","og_locale":"de_DE","og_type":"article","og_title":"Veranstaltung zum offiziellen Start der digitalen Forschungsplattform \"Kino in der DDR\" - Kino in der DDR","og_description":"Veranstaltung zum offiziellen Start der digitalen Forschungsplattform \"Kino in der DDR\" - Kino in der DDR","og_url":"https:\/\/projekte.uni-erfurt.de\/ddr-kino\/veranstaltung-zum-offiziellen-start-der-plattform\/","og_site_name":"Kino in der DDR","article_publisher":"https:\/\/www.facebook.com\/kinoinderddr\/","article_published_time":"2020-09-23T13:41:03+00:00","article_modified_time":"2020-10-08T11:07:57+00:00","og_image":[{"width":700,"height":496,"url":"https:\/\/projekte.uni-erfurt.de\/ddr-kino\/wp-content\/uploads\/2020\/09\/Veranstaltung_Plattformstart.jpg","type":"image\/jpeg"}],"author":"Marcus Plaul","twitter_card":"summary_large_image","twitter_creator":"@kino_ddr","twitter_site":"@kino_ddr","twitter_misc":{"Verfasst von":"Marcus Plaul","Gesch\u00e4tzte Lesezeit":"4\u00a0Minuten"},"schema":{"@context":"https:\/\/schema.org","@graph":[{"@type":"Article","@id":"https:\/\/projekte.uni-erfurt.de\/ddr-kino\/veranstaltung-zum-offiziellen-start-der-plattform\/#article","isPartOf":{"@id":"https:\/\/projekte.uni-erfurt.de\/ddr-kino\/veranstaltung-zum-offiziellen-start-der-plattform\/"},"author":{"name":"Marcus Plaul","@id":"https:\/\/projekte.uni-erfurt.de\/ddr-kino\/#\/schema\/person\/2d53d6af2db5aa63d961a9bea3a71d2a"},"headline":"Veranstaltung zum offiziellen Start der digitalen Forschungsplattform &#8220;Kino in der DDR&#8221;","datePublished":"2020-09-23T13:41:03+00:00","dateModified":"2020-10-08T11:07:57+00:00","mainEntityOfPage":{"@id":"https:\/\/projekte.uni-erfurt.de\/ddr-kino\/veranstaltung-zum-offiziellen-start-der-plattform\/"},"wordCount":884,"commentCount":0,"publisher":{"@id":"https:\/\/projekte.uni-erfurt.de\/ddr-kino\/#organization"},"inLanguage":"de","potentialAction":[{"@type":"CommentAction","name":"Comment","target":["https:\/\/projekte.uni-erfurt.de\/ddr-kino\/veranstaltung-zum-offiziellen-start-der-plattform\/#respond"]}]},{"@type":"WebPage","@id":"https:\/\/projekte.uni-erfurt.de\/ddr-kino\/veranstaltung-zum-offiziellen-start-der-plattform\/","url":"https:\/\/projekte.uni-erfurt.de\/ddr-kino\/veranstaltung-zum-offiziellen-start-der-plattform\/","name":"Veranstaltung zum offiziellen Start der digitalen Forschungsplattform \"Kino in der DDR\" - Kino in der DDR","isPartOf":{"@id":"https:\/\/projekte.uni-erfurt.de\/ddr-kino\/#website"},"datePublished":"2020-09-23T13:41:03+00:00","dateModified":"2020-10-08T11:07:57+00:00","description":"Veranstaltung zum offiziellen Start der digitalen Forschungsplattform \"Kino in der DDR\" - Kino in der DDR","breadcrumb":{"@id":"https:\/\/projekte.uni-erfurt.de\/ddr-kino\/veranstaltung-zum-offiziellen-start-der-plattform\/#breadcrumb"},"inLanguage":"de","potentialAction":[{"@type":"ReadAction","target":["https:\/\/projekte.uni-erfurt.de\/ddr-kino\/veranstaltung-zum-offiziellen-start-der-plattform\/"]}]},{"@type":"BreadcrumbList","@id":"https:\/\/projekte.uni-erfurt.de\/ddr-kino\/veranstaltung-zum-offiziellen-start-der-plattform\/#breadcrumb","itemListElement":[{"@type":"ListItem","position":1,"name":"Startseite","item":"https:\/\/projekte.uni-erfurt.de\/ddr-kino\/"},{"@type":"ListItem","position":2,"name":"Veranstaltung zum offiziellen Start der digitalen Forschungsplattform &#8220;Kino in der DDR&#8221;"}]},{"@type":"WebSite","@id":"https:\/\/projekte.uni-erfurt.de\/ddr-kino\/#website","url":"https:\/\/projekte.uni-erfurt.de\/ddr-kino\/","name":"Kino in der DDR","description":"Ein b\u00fcrgerwissenschaftliches Forschungsprojekt","publisher":{"@id":"https:\/\/projekte.uni-erfurt.de\/ddr-kino\/#organization"},"potentialAction":[{"@type":"SearchAction","target":{"@type":"EntryPoint","urlTemplate":"https:\/\/projekte.uni-erfurt.de\/ddr-kino\/?s={search_term_string}"},"query-input":"required name=search_term_string"}],"inLanguage":"de"},{"@type":"Organization","@id":"https:\/\/projekte.uni-erfurt.de\/ddr-kino\/#organization","name":"Kino in der DDR","url":"https:\/\/projekte.uni-erfurt.de\/ddr-kino\/","logo":{"@type":"ImageObject","inLanguage":"de","@id":"https:\/\/projekte.uni-erfurt.de\/ddr-kino\/#\/schema\/logo\/image\/","url":"https:\/\/projekte.uni-erfurt.de\/ddr-kino\/wp-content\/uploads\/2019\/08\/Kino_in_der_DDR_Logo-1-e1566923823474.png","contentUrl":"https:\/\/projekte.uni-erfurt.de\/ddr-kino\/wp-content\/uploads\/2019\/08\/Kino_in_der_DDR_Logo-1-e1566923823474.png","width":200,"height":90,"caption":"Kino in der DDR"},"image":{"@id":"https:\/\/projekte.uni-erfurt.de\/ddr-kino\/#\/schema\/logo\/image\/"},"sameAs":["https:\/\/www.facebook.com\/kinoinderddr\/","https:\/\/twitter.com\/kino_ddr"]},{"@type":"Person","@id":"https:\/\/projekte.uni-erfurt.de\/ddr-kino\/#\/schema\/person\/2d53d6af2db5aa63d961a9bea3a71d2a","name":"Marcus Plaul","image":{"@type":"ImageObject","inLanguage":"de","@id":"https:\/\/projekte.uni-erfurt.de\/ddr-kino\/#\/schema\/person\/image\/","url":"https:\/\/secure.gravatar.com\/avatar\/592abf145c7aa234ced8786fc42b9d55?s=96&d=mm&r=g","contentUrl":"https:\/\/secure.gravatar.com\/avatar\/592abf145c7aa234ced8786fc42b9d55?s=96&d=mm&r=g","caption":"Marcus Plaul"},"url":"https:\/\/projekte.uni-erfurt.de\/ddr-kino\/author\/plaul\/"}]}},"_links":{"self":[{"href":"https:\/\/projekte.uni-erfurt.de\/ddr-kino\/wp-json\/wp\/v2\/posts\/805"}],"collection":[{"href":"https:\/\/projekte.uni-erfurt.de\/ddr-kino\/wp-json\/wp\/v2\/posts"}],"about":[{"href":"https:\/\/projekte.uni-erfurt.de\/ddr-kino\/wp-json\/wp\/v2\/types\/post"}],"author":[{"embeddable":true,"href":"https:\/\/projekte.uni-erfurt.de\/ddr-kino\/wp-json\/wp\/v2\/users\/2"}],"replies":[{"embeddable":true,"href":"https:\/\/projekte.uni-erfurt.de\/ddr-kino\/wp-json\/wp\/v2\/comments?post=805"}],"version-history":[{"count":8,"href":"https:\/\/projekte.uni-erfurt.de\/ddr-kino\/wp-json\/wp\/v2\/posts\/805\/revisions"}],"predecessor-version":[{"id":820,"href":"https:\/\/projekte.uni-erfurt.de\/ddr-kino\/wp-json\/wp\/v2\/posts\/805\/revisions\/820"}],"wp:featuredmedia":[{"embeddable":true,"href":"https:\/\/projekte.uni-erfurt.de\/ddr-kino\/wp-json\/wp\/v2\/media\/807"}],"wp:attachment":[{"href":"https:\/\/projekte.uni-erfurt.de\/ddr-kino\/wp-json\/wp\/v2\/media?parent=805"}],"wp:term":[{"taxonomy":"category","embeddable":true,"href":"https:\/\/projekte.uni-erfurt.de\/ddr-kino\/wp-json\/wp\/v2\/categories?post=805"},{"taxonomy":"post_tag","embeddable":true,"href":"https:\/\/projekte.uni-erfurt.de\/ddr-kino\/wp-json\/wp\/v2\/tags?post=805"}],"curies":[{"name":"wp","href":"https:\/\/api.w.org\/{rel}","templated":true}]}}